{"id":19323,"date":"2025-08-07T05:28:10","date_gmt":"2025-08-07T05:28:10","guid":{"rendered":"https:\/\/www.europesays.com\/pt\/19323\/"},"modified":"2025-08-07T05:28:10","modified_gmt":"2025-08-07T05:28:10","slug":"comedia-italiana-e-filme-gay-o-que-ver-nesta-quinta-06-08-2025-ilustrada","status":"publish","type":"post","link":"https:\/\/www.europesays.com\/pt\/19323\/","title":{"rendered":"Com\u00e9dia italiana e filme gay: o que ver nesta quinta &#8211; 06\/08\/2025 &#8211; Ilustrada"},"content":{"rendered":"<p>Nanni Moretti dirigiu e protagoniza a com\u00e9dia <a href=\"https:\/\/www1.folha.uol.com.br\/ilustrada\/2024\/01\/moretti-tira-sarro-da-netflix-e-ve-o-cinema-com-nostalgia-em-o-melhor-esta-por-vir.shtml\" rel=\"nofollow noopener\" target=\"\">&#8220;O Melhor Est\u00e1 por Vir&#8221;<\/a>, que estreou no<a href=\"https:\/\/www1.folha.uol.com.br\/folha-topicos\/festival-de-cannes\/\" rel=\"nofollow noopener\" target=\"\"> Festival de Cannes<\/a> em 2023.<\/p>\n<p>Ele faz Giovanni, um cineasta que est\u00e1 tentando realizar um projeto sobre a revolu\u00e7\u00e3o h\u00fangara de 1956, mas tem de lidar com uma infinidade de problemas, entre eles o or\u00e7amento apertado, uma atriz teimosa, seu pr\u00f3prio casamento que est\u00e1 \u00e0 beira do colapso \u2014e sua mulher produz o filme\u2014 e o namoro da filha com um tipo inesperado.<\/p>\n<p><strong>Onde ver:<\/strong> Belas Artes \u00e0 la Carte, 12 anos<\/p>\n<p><strong>Bookish<\/strong><\/p>\n<p><strong>Onde ver: <\/strong>Film&amp;Arts, 21h, livre<\/p>\n<p>Gabriel Book \u00e9 um livreiro na Londres do p\u00f3s-Guerra que ajuda a pol\u00edcia a solucionar assassinatos. Casado e feliz com Trottie, ele tamb\u00e9m \u00e9 gay numa \u00e9poca em que a homossexualidade era ilegal na Inglaterra e protege indiv\u00edduos ditos problem\u00e1ticos<\/p>\n<p><strong>Her\u00f3i de Sangue<\/strong><\/p>\n<p><strong>Onde ver:<\/strong> Filmelier+, 14 anos<\/p>\n<p>Omar Sy vive um pai senegal\u00eas que tenta salvar seu filho de 17 anos que \u00e9 recrutado \u00e0 for\u00e7a para lutar pelos franceses na Primeira Guerra. Ele ent\u00e3o se alista no Ex\u00e9rcito para ficar ao lado do filho nas trincheiras da Fran\u00e7a no Senegal. A dire\u00e7\u00e3o \u00e9 de Mathieu Vadepied.<\/p>\n<p><strong>Os Assassinatos da Loja de Iogurte<\/strong><\/p>\n<p><strong>Onde ver: <\/strong>HBO Max, 12 anos<\/p>\n<p>Em 1991, quatro adolescentes foram assassinadas \u00e0 queima-roupa em uma loja de &#8220;frozen yogurt&#8221; em Austin, nos Estados Unidos. D\u00e9cadas depois, a investiga\u00e7\u00e3o falha ainda assombra a pol\u00edcia local, e o trauma e o luto persistem entre os amigos e fam\u00edlias das jovens. A s\u00e9rie documental revive o caso em quatro epis\u00f3dios.<\/p>\n<p><strong>Arte1 em Movimento<\/strong><\/p>\n<p><strong>Onde ver: <\/strong>Arte1, 21h30, livre<\/p>\n<p>O especial resume os encontros da mais recente edi\u00e7\u00e3o da <a href=\"https:\/\/www1.folha.uol.com.br\/folha-topicos\/flip\/\" rel=\"nofollow noopener\" target=\"\">Flip<\/a> em Paraty, que teve curadoria liter\u00e1ria de Ana Lima Cecilio. Entre os participantes, est\u00e3o Alice Ruiz, Arnaldo Antunes, Claudia Roquette-Pinto, Sergio Vaz, Ilan Pappe, Marina Silva, <a href=\"https:\/\/www1.folha.uol.com.br\/ilustrada\/2025\/08\/rosa-montero-conta-na-flip-como-publicar-ficcao-salvou-a-sua-vida.shtml\" rel=\"nofollow noopener\" target=\"\">Rosa Montero<\/a>, Valter Hugo M\u00e3e e Gregorio Duvivier.<\/p>\n<p><strong>Cada Voz<\/strong><\/p>\n<p><strong>Onde ver:<\/strong> ICPlay, livre e gratuito<\/p>\n<p>Os novos epis\u00f3dios da s\u00e9rie documental conduzida pelo fot\u00f3grafo Marcus Leoni trazem relatos sobre o processo de cria\u00e7\u00e3o do m\u00fasico Arrigo Barnab\u00e9, do cineasta mineiro Braz Chediak, do diretor Elias Andreato, do core\u00f3grafo Ciro Barcelos e da cantora baiana Virg\u00ednia Rodrigues, entre outros.<\/p>\n<p><strong>Geladeiras em A\u00e7\u00e3o<\/strong><\/p>\n<p><strong>Onde ver:<\/strong> GNT, 21h45, livre<\/p>\n<p>Tr\u00eas cozinheiros t\u00eam de fazer caf\u00e9 da manh\u00e3, almo\u00e7o e jantar com os ingredientes de uma geladeira de praia, ou seja, com muitos peixes e frutos do mar. Segunda temporada do reality de competi\u00e7\u00e3o gastron\u00f4mica apresentado por Claude Troisgros.<\/p>\n","protected":false},"excerpt":{"rendered":"Nanni Moretti dirigiu e protagoniza a com\u00e9dia &#8220;O Melhor Est\u00e1 por Vir&#8221;, que estreou no Festival de Cannes&hellip;\n","protected":false},"author":2,"featured_media":19324,"comment_status":"","ping_status":"","sticky":false,"template":"","format":"standard","meta":{"footnotes":""},"categories":[140],"tags":[470,114,115,147,148,236,146,1623,32,33,218,600],"class_list":{"0":"post-19323","1":"post","2":"type-post","3":"status-publish","4":"format-standard","5":"has-post-thumbnail","7":"category-filmes","8":"tag-cinema","9":"tag-entertainment","10":"tag-entretenimento","11":"tag-film","12":"tag-filmes","13":"tag-folha","14":"tag-movies","15":"tag-multitela","16":"tag-portugal","17":"tag-pt","18":"tag-televisao","19":"tag-veja-video"},"share_on_mastodon":{"url":"","error":""},"_links":{"self":[{"href":"https:\/\/www.europesays.com\/pt\/wp-json\/wp\/v2\/posts\/19323","targetHints":{"allow":["GET"]}}],"collection":[{"href":"https:\/\/www.europesays.com\/pt\/wp-json\/wp\/v2\/posts"}],"about":[{"href":"https:\/\/www.europesays.com\/pt\/wp-json\/wp\/v2\/types\/post"}],"author":[{"embeddable":true,"href":"https:\/\/www.europesays.com\/pt\/wp-json\/wp\/v2\/users\/2"}],"replies":[{"embeddable":true,"href":"https:\/\/www.europesays.com\/pt\/wp-json\/wp\/v2\/comments?post=19323"}],"version-history":[{"count":0,"href":"https:\/\/www.europesays.com\/pt\/wp-json\/wp\/v2\/posts\/19323\/revisions"}],"wp:featuredmedia":[{"embeddable":true,"href":"https:\/\/www.europesays.com\/pt\/wp-json\/wp\/v2\/media\/19324"}],"wp:attachment":[{"href":"https:\/\/www.europesays.com\/pt\/wp-json\/wp\/v2\/media?parent=19323"}],"wp:term":[{"taxonomy":"category","embeddable":true,"href":"https:\/\/www.europesays.com\/pt\/wp-json\/wp\/v2\/categories?post=19323"},{"taxonomy":"post_tag","embeddable":true,"href":"https:\/\/www.europesays.com\/pt\/wp-json\/wp\/v2\/tags?post=19323"}],"curies":[{"name":"wp","href":"https:\/\/api.w.org\/{rel}","templated":true}]}}