{"id":193243,"date":"2025-12-18T12:30:14","date_gmt":"2025-12-18T12:30:14","guid":{"rendered":"https:\/\/www.europesays.com\/pt\/193243\/"},"modified":"2025-12-18T12:30:14","modified_gmt":"2025-12-18T12:30:14","slug":"vitinha-eleito-o-melhor-da-final-da-taca-intercontinental-e-muito-dificil-estar-aqui","status":"publish","type":"post","link":"https:\/\/www.europesays.com\/pt\/193243\/","title":{"rendered":"Vitinha eleito o melhor da final da Ta\u00e7a Intercontinental: &#8220;\u00c9 muito dif\u00edcil estar aqui&#8221;"},"content":{"rendered":"<p data-remotead-prev-elm=\"true\" data-remotead-elm-id=\"inread\">Depois das conquistas da Superta\u00e7a francesa, Ta\u00e7a francesa, Ligue 1, Champions, Superta\u00e7a Europeia e Liga das Na\u00e7\u00f5es nos \u00faltimos meses, Vitinha voltou a festejar e recebeu a distin\u00e7\u00e3o individual de melhor jogador das m\u00e3os do presidente da FIFA, Gianni Infantino.<\/p>\n<p>O encontro foi decidido nas grandes penalidades, ap\u00f3s empate a uma bola no final do prolongamento, com o guarda-redes russo Safonov a ser o grande her\u00f3i dos parisienses, defendendo quatro cobran\u00e7as. O m\u00e9dio portugu\u00eas admitiu que o PSG &#8220;teve sorte&#8221;.<\/p>\n<p>&#8220;Tive a oportunidade de falar com os jogadores do Flamengo. Est\u00e3o em final de temporada e fizeram um jogo fant\u00e1stico. Mesmo quando n\u00e3o conseguiam recuperar a bola, defenderam muito bem. Eles t\u00eam muito m\u00e9rito por levarem a decis\u00e3o para os pen\u00e1ltis. Felizmente tivemos sorte e qualidade no desempate&#8221;, come\u00e7ou por dizer.<\/p>\n<p>Vitinha revela que n\u00e3o entrou com facilitismos. &#8220;Esta competi\u00e7\u00e3o \u00e9 super importante, n\u00e3o sabemos se vamos jog\u00e1-la outra vez na carreira. \u00c9 preciso ganhar a Champions e \u00e9 muito dif\u00edcil estar aqui, \u00e9 uma grande oportunidade, n\u00e3o quer\u00edamos deixar passar. O PSG olha assim, \u00e9 uma competi\u00e7\u00e3o muito prestigiada e quer\u00edamos ganh\u00e1-la 100%. Fizemos de tudo para ganhar&#8221;, concluiu.<\/p>\n","protected":false},"excerpt":{"rendered":"Depois das conquistas da Superta\u00e7a francesa, Ta\u00e7a francesa, Ligue 1, Champions, Superta\u00e7a Europeia e Liga das Na\u00e7\u00f5es nos&hellip;\n","protected":false},"author":2,"featured_media":193244,"comment_status":"","ping_status":"","sticky":false,"template":"","format":"standard","meta":{"footnotes":""},"categories":[87],"tags":[135,524,32,1758,33,134,37944,7331],"class_list":{"0":"post-193243","1":"post","2":"type-post","3":"status-publish","4":"format-standard","5":"has-post-thumbnail","7":"category-desporto","8":"tag-desporto","9":"tag-futebol","10":"tag-portugal","11":"tag-psg","12":"tag-pt","13":"tag-sports","14":"tag-taca-intercontinental","15":"tag-vitinha"},"share_on_mastodon":{"url":"https:\/\/pubeurope.com\/@pt\/115740581985258617","error":""},"_links":{"self":[{"href":"https:\/\/www.europesays.com\/pt\/wp-json\/wp\/v2\/posts\/193243","targetHints":{"allow":["GET"]}}],"collection":[{"href":"https:\/\/www.europesays.com\/pt\/wp-json\/wp\/v2\/posts"}],"about":[{"href":"https:\/\/www.europesays.com\/pt\/wp-json\/wp\/v2\/types\/post"}],"author":[{"embeddable":true,"href":"https:\/\/www.europesays.com\/pt\/wp-json\/wp\/v2\/users\/2"}],"replies":[{"embeddable":true,"href":"https:\/\/www.europesays.com\/pt\/wp-json\/wp\/v2\/comments?post=193243"}],"version-history":[{"count":0,"href":"https:\/\/www.europesays.com\/pt\/wp-json\/wp\/v2\/posts\/193243\/revisions"}],"wp:featuredmedia":[{"embeddable":true,"href":"https:\/\/www.europesays.com\/pt\/wp-json\/wp\/v2\/media\/193244"}],"wp:attachment":[{"href":"https:\/\/www.europesays.com\/pt\/wp-json\/wp\/v2\/media?parent=193243"}],"wp:term":[{"taxonomy":"category","embeddable":true,"href":"https:\/\/www.europesays.com\/pt\/wp-json\/wp\/v2\/categories?post=193243"},{"taxonomy":"post_tag","embeddable":true,"href":"https:\/\/www.europesays.com\/pt\/wp-json\/wp\/v2\/tags?post=193243"}],"curies":[{"name":"wp","href":"https:\/\/api.w.org\/{rel}","templated":true}]}}