{"id":193246,"date":"2025-12-18T12:36:47","date_gmt":"2025-12-18T12:36:47","guid":{"rendered":"https:\/\/www.europesays.com\/pt\/193246\/"},"modified":"2025-12-18T12:36:47","modified_gmt":"2025-12-18T12:36:47","slug":"grande-lisboa-e-a-unica-regiao-nacional-acima-da-media-da-ue-no-poder-de-compra","status":"publish","type":"post","link":"https:\/\/www.europesays.com\/pt\/193246\/","title":{"rendered":"Grande Lisboa \u00e9 a \u00fanica regi\u00e3o nacional acima da m\u00e9dia da UE no poder de compra"},"content":{"rendered":"<p data-remotead-prev-elm=\"true\" data-remotead-elm-id=\"inread\">&#8220;No contexto da UE27, o PIB per capita em paridades de poder de compra da Grande Lisboa voltou a superar a m\u00e9dia da UE27, atingindo 128,9%&#8221;, pode ler-se nas Contas Nacionais do Instituto Nacional de Estat\u00edstica (INE).<\/p>\n<p>Relativamente \u00e0s restantes regi\u00f5es, todas exceto o Alentejo (manteve-se nos 77,1%) convergiram com a UE: &#8220;o Algarve alcan\u00e7ou 89,2%, a Regi\u00e3o Aut\u00f3noma da Madeira 88,3%, a Regi\u00e3o Aut\u00f3noma dos A\u00e7ores 72,5%, o Centro 70,7% e o Norte 70,8%&#8221;.<\/p>\n<p>&#8220;Apesar de tamb\u00e9m convergirem, o Oeste e Vale do Tejo (64,6%) e a Pen\u00ednsula de Set\u00fabal (55,4%) continuam a apresentar os n\u00edveis de PIB per capita mais baixos face \u00e0 m\u00e9dia europeia&#8221;, pode ler-se no documento do INE.<\/p>\n<p data-remotead-prev-elm=\"true\" data-remotead-elm-id=\"centro1\">Quanto \u00e0 disparidade do PIB per capita em termos nacionais, tendo por base a m\u00e9dia nacional 100, em 2024, segundo dados provis\u00f3rios, &#8220;a Grande Lisboa continua a apresentar o \u00edndice de disparidade regional do PIB per capita mais elevado (156,5), embora ligeiramente inferior ao registado em 2023&#8221;.<\/p>\n<p>&#8220;Seguem-se o Algarve (108,3) e a Regi\u00e3o Aut\u00f3noma da Madeira (107,2), com \u00edndices acima dos registados no ano anterior. A Pen\u00ednsula de Set\u00fabal mant\u00e9m o \u00edndice de disparidade do PIB per capita mais baixo de todas as regi\u00f5es (67,3), ainda assim ligeiramente superior ao de 2023&#8221;, refere o documento.<\/p>\n<p>De acordo com o INE, &#8220;em 2024 os resultados indiciam, assim, uma ligeira atenua\u00e7\u00e3o da disparidade regional do PIB per capita relativamente a 2023, evidenciada pelo aumento do \u00edndice da Pen\u00ednsula de Set\u00fabal em 0,2 p.p. e pela redu\u00e7\u00e3o do \u00edndice da Grande Lisboa em 0,4 p.p., o que contrasta com o agravamento observado no ano anterior&#8221;.<\/p>\n<p data-remotead-prev-elm=\"true\" data-remotead-elm-id=\"centro2\">O poder de compra em Portugal aumentou para 82,4% da m\u00e9dia europeia em 2024, 1,3 pontos percentuais acima de 2023, mantendo o pa\u00eds a 15.\u00aa posi\u00e7\u00e3o entre os 20 pa\u00edses da zona euro e a 18.\u00aa da Uni\u00e3o Europeia.<\/p>\n<p>Segundo dados preliminares divulgados hoje pelo Instituto Nacional de Estat\u00edstica (INE), entre 2023 e 2024 o Produto Interno Bruto (PIB) per capita de Portugal, expresso em Paridades de Poder de Compra (PPC), passou de 81,1% para 82,4% da m\u00e9dia da Uni\u00e3o Europeia (UE), mantendo-se, contudo, as posi\u00e7\u00f5es do pa\u00eds nos &#8220;rankings&#8221; europeus destes indicadores.<\/p>\n<p>A maioria das regi\u00f5es do pa\u00eds registou um crescimento real do produto interno bruto (PIB) semelhante ao do pa\u00eds em 2024, com apenas o Alentejo e a Madeira a terem um crescimento substancialmente inferior, foi hoje divulgado.<\/p>\n<p data-remotead-prev-elm=\"true\" data-remotead-elm-id=\"centro3\">De acordo com as Contas Regionais hoje divulgadas pelo Instituto Nacional de Estat\u00edstica (INE), &#8220;estima-se que o Alentejo (1,1%) e a Regi\u00e3o Aut\u00f3noma da Madeira (1,5%) tenham registado os desempenhos mais fracos&#8221; face ao crescimento real do pa\u00eds, que se cifrou nos 2,1% em 2024.<\/p>\n<p>&#8220;No restante territ\u00f3rio, a evolu\u00e7\u00e3o foi pr\u00f3xima da m\u00e9dia nacional, com o Centro a igualar o pa\u00eds, o Oeste e Vale do Tejo, a Grande Lisboa e a Pen\u00ednsula de Set\u00fabal a superarem ligeiramente (0,1 pontos percentuais &#8211; p.p.) a m\u00e9dia nacional&#8221;, e as restantes regi\u00f5es (Norte, Algarve e A\u00e7ores), apresentaram &#8220;um crescimento 0,2 p.p. superior ao pa\u00eds&#8221;.<\/p>\n","protected":false},"excerpt":{"rendered":"&#8220;No contexto da UE27, o PIB per capita em paridades de poder de compra da Grande Lisboa voltou&hellip;\n","protected":false},"author":2,"featured_media":193247,"comment_status":"","ping_status":"","sticky":false,"template":"","format":"standard","meta":{"footnotes":"","_share_on_mastodon":"0"},"categories":[10],"tags":[27,28,21113,15,16,14,25,26,21,22,12,13,19,20,28372,32,1503,23,24,33,17,18,29,30,31],"class_list":["post-193246","post","type-post","status-publish","format-standard","has-post-thumbnail","category-portugal","tag-breaking-news","tag-breakingnews","tag-concelho-lisboa","tag-featured-news","tag-featurednews","tag-headlines","tag-latest-news","tag-latestnews","tag-main-news","tag-mainnews","tag-news","tag-noticias","tag-noticias-principais","tag-noticiasprincipais","tag-poder-de-compra","tag-portugal","tag-precos","tag-principais-noticias","tag-principaisnoticias","tag-pt","tag-top-stories","tag-topstories","tag-ultimas","tag-ultimas-noticias","tag-ultimasnoticias"],"share_on_mastodon":{"url":"https:\/\/pubeurope.com\/@pt\/115740609281796539","error":""},"_links":{"self":[{"href":"https:\/\/www.europesays.com\/pt\/wp-json\/wp\/v2\/posts\/193246","targetHints":{"allow":["GET"]}}],"collection":[{"href":"https:\/\/www.europesays.com\/pt\/wp-json\/wp\/v2\/posts"}],"about":[{"href":"https:\/\/www.europesays.com\/pt\/wp-json\/wp\/v2\/types\/post"}],"author":[{"embeddable":true,"href":"https:\/\/www.europesays.com\/pt\/wp-json\/wp\/v2\/users\/2"}],"replies":[{"embeddable":true,"href":"https:\/\/www.europesays.com\/pt\/wp-json\/wp\/v2\/comments?post=193246"}],"version-history":[{"count":0,"href":"https:\/\/www.europesays.com\/pt\/wp-json\/wp\/v2\/posts\/193246\/revisions"}],"wp:featuredmedia":[{"embeddable":true,"href":"https:\/\/www.europesays.com\/pt\/wp-json\/wp\/v2\/media\/193247"}],"wp:attachment":[{"href":"https:\/\/www.europesays.com\/pt\/wp-json\/wp\/v2\/media?parent=193246"}],"wp:term":[{"taxonomy":"category","embeddable":true,"href":"https:\/\/www.europesays.com\/pt\/wp-json\/wp\/v2\/categories?post=193246"},{"taxonomy":"post_tag","embeddable":true,"href":"https:\/\/www.europesays.com\/pt\/wp-json\/wp\/v2\/tags?post=193246"}],"curies":[{"name":"wp","href":"https:\/\/api.w.org\/{rel}","templated":true}]}}