{"id":193270,"date":"2025-12-18T13:03:13","date_gmt":"2025-12-18T13:03:13","guid":{"rendered":"https:\/\/www.europesays.com\/pt\/193270\/"},"modified":"2025-12-18T13:03:13","modified_gmt":"2025-12-18T13:03:13","slug":"porcos-europeus-queriam-regalar-se-com-colapso-da-russia-diz-putin-criticando-europa","status":"publish","type":"post","link":"https:\/\/www.europesays.com\/pt\/193270\/","title":{"rendered":"&#8220;Porcos europeus queriam regalar-se com colapso da R\u00fassia&#8221;, diz Putin criticando Europa"},"content":{"rendered":"<p>O presidente russo, Vladimir Putin, disse na quarta-feira que Moscovo procurar\u00e1 alargar os seus &#8220;ganhos&#8221; na Ucr\u00e2nia se Kiev e os seus aliados ocidentais rejeitarem as exig\u00eancias do Kremlin.<\/p>\n<p>Durante uma reuni\u00e3o anual com os principais oficiais militares russos, Putin rejeitou qualquer possibilidade de o Kremlin aceitar o plano de paz alterado para p\u00f4r fim \u00e0 guerra contra a Ucr\u00e2nia.<\/p>\n<p>Putin afirmou que Moscovo &#8220;preferiria&#8221; atingir os seus objetivos e &#8220;eliminar as causas profundas&#8221; por meios diplom\u00e1ticos, mas &#8220;se o lado oposto e os seus patronos estrangeiros se recusarem a encetar um di\u00e1logo substantivo, a R\u00fassia conseguir\u00e1 a liberta\u00e7\u00e3o das suas terras hist\u00f3ricas por meios militares&#8221;, amea\u00e7ou.<\/p>\n<p>Segundo Moscovo, as &#8220;causas profundas&#8221; incluem as aspira\u00e7\u00f5es da Ucr\u00e2nia a aderir \u00e0 UE e \u00e0 NATO, bem como a alegada viola\u00e7\u00e3o dos compromissos da NATO de n\u00e3o se expandir para leste, a alegada discrimina\u00e7\u00e3o de Kiev contra os russos de etnia e aquilo a que Putin chama a &#8220;desnazifica\u00e7\u00e3o&#8221; da Ucr\u00e2nia.<\/p>\n<p>Putin e outros respons\u00e1veis russos utilizaram estes argumentos para justificar a invas\u00e3o em grande escala da Ucr\u00e2nia em fevereiro de 2022, mas n\u00e3o conseguiram apresentar provas de nenhuma destas alega\u00e7\u00f5es.<\/p>\n<p><strong>&#8220;Os porcos europeus queriam regalar-se com o colapso da R\u00fassia&#8221;<\/strong><\/p>\n<p>Putin voltou a culpar o Ocidente pela guerra de Moscovo contra a Ucr\u00e2nia, afirmando que foi o Ocidente que &#8220;come\u00e7ou a guerra.&#8221;<\/p>\n<p>A R\u00fassia iniciou a sua invas\u00e3o n\u00e3o provocada da Ucr\u00e2nia em fevereiro de 2022 e tem-se recusado a p\u00f4r termo \u00e0 mesma ou a concordar com um cessar-fogo.<\/p>\n<p>O presidente russo culpou especificamente a anterior administra\u00e7\u00e3o norte-americana do presidente Joe Biden por &#8220;iniciar&#8221; a guerra total da R\u00fassia, acrescentando que os aliados de Washington na Europa &#8220;juntaram-se \u00e0s a\u00e7\u00f5es da ent\u00e3o administra\u00e7\u00e3o norte-americana&#8221;, no que Putin descreveu como esperando lucrar com o poss\u00edvel colapso da R\u00fassia.<\/p>\n<p>&#8220;Os porcos europeus queriam regalar-se com o colapso da R\u00fassia&#8221;, disse Putin, utilizando o termo pouco comum &#8220;podsvinki&#8221;, uma palavra que o antigo presidente e primeiro-ministro de Putin, Dmitry Medvedev, utilizou anteriormente como uma cal\u00fania contra as democracias ocidentais.<\/p>\n<p>&#8220;Imediatamente ap\u00f3s o colapso da Uni\u00e3o Sovi\u00e9tica, pareceu-nos que nos tornar\u00edamos rapidamente membros da chamada fam\u00edlia civilizada das na\u00e7\u00f5es europeias. Atualmente, verifica-se que n\u00e3o h\u00e1 civiliza\u00e7\u00e3o, apenas degrada\u00e7\u00e3o total.&#8221;<\/p>\n<p>Putin continuou a criticar a Europa, afirmando que, apesar de &#8220;esperar&#8221; que a Europa regresse ao di\u00e1logo com Moscovo, este cen\u00e1rio \u00e9 improv\u00e1vel com &#8220;as atuais elites europeias.&#8221;<\/p>\n<p>&#8220;\u00c9 pouco prov\u00e1vel que isso seja poss\u00edvel com as atuais elites pol\u00edticas. Mas, em todo o caso, ser\u00e1 inevit\u00e1vel, uma vez que continuamos a refor\u00e7ar a nossa posi\u00e7\u00e3o. Se n\u00e3o com os atuais pol\u00edticos, ent\u00e3o quando as elites pol\u00edticas na Europa mudarem&#8221;.<\/p>\n<p>Putin afirmou ainda que a administra\u00e7\u00e3o norte-americana est\u00e1 a &#8220;demonstrar essa disponibilidade&#8221; e conclui que a R\u00fassia est\u00e1 empenhada no di\u00e1logo com os EUA e espera que &#8220;o mesmo aconte\u00e7a com a Europa.&#8221;<\/p>\n<p><strong>Putin amea\u00e7a a Europa e a Ucr\u00e2nia mostrando m\u00fasculos nucleares<\/strong><\/p>\n<p>Putin tamb\u00e9m elogiou as for\u00e7as armadas russas e referiu, em particular, a moderniza\u00e7\u00e3o do seu arsenal nuclear, afirmando que nenhum outro pa\u00eds pode competir com ele.<\/p>\n<p>&#8220;Noventa e dois por cento das nossas for\u00e7as nucleares est\u00e3o modernizadas. Nenhum outro pa\u00eds, nenhuma outra pot\u00eancia nuclear do mundo tem isto&#8221;, afirmou.<\/p>\n<p>&#8220;Estamos a desenvolver novas armas e novos meios de destrui\u00e7\u00e3o. Mais ningu\u00e9m no mundo as tem e n\u00e3o v\u00e3o aparecer t\u00e3o cedo.&#8221;<\/p>\n<p>Putin referiu-se especificamente ao <a href=\"https:\/\/pt.euronews.com\/my-europe\/2025\/08\/01\/putin-ameaca-ucrania-e-europa-com-instalacao-de-misseis-hipersonicos-na-bielorrussia\" rel=\"nofollow noopener\" target=\"_blank\">novo m\u00edssil bal\u00edstico russo Oreshnik<\/a>, de alcance interm\u00e9dio e com capacidade nuclear, que, segundo ele, entrar\u00e1 oficialmente em combate este m\u00eas.<\/p>\n<p>A R\u00fassia testou pela primeira vez uma vers\u00e3o convencional do Oreshnik para atacar uma f\u00e1brica ucraniana em Dnipro, em novembro de 2024, e Putin vangloriou-se de que \u00e9 imposs\u00edvel de intercetar.<\/p>\n<p>Putin elogiou a guerra dizendo que, gra\u00e7as \u00e0 invas\u00e3o em grande escala, a R\u00fassia &#8220;recuperou a sua soberania total e tornou-se um pa\u00eds soberano em todos os sentidos da palavra.&#8221;<\/p>\n<p>A R\u00fassia \u00e9 um Estado soberano desde que o declarou em junho de 1990, antes da dissolu\u00e7\u00e3o da Uni\u00e3o Sovi\u00e9tica em dezembro de 1991.<\/p>\n","protected":false},"excerpt":{"rendered":"O presidente russo, Vladimir Putin, disse na quarta-feira que Moscovo procurar\u00e1 alargar os seus &#8220;ganhos&#8221; na Ucr\u00e2nia se&hellip;\n","protected":false},"author":2,"featured_media":193271,"comment_status":"","ping_status":"","sticky":false,"template":"","format":"standard","meta":{"footnotes":""},"categories":[50],"tags":[27,28,256,15,16,889,14,6390,25,26,21,22,62,12,13,19,20,23,24,17,18,29,30,31,2415,63,64,65],"class_list":{"0":"post-193270","1":"post","2":"type-post","3":"status-publish","4":"format-standard","5":"has-post-thumbnail","7":"category-mundo","8":"tag-breaking-news","9":"tag-breakingnews","10":"tag-cessar-fogo","11":"tag-featured-news","12":"tag-featurednews","13":"tag-guerra-na-ucrania","14":"tag-headlines","15":"tag-invasao-da-ucrania-pela-russia","16":"tag-latest-news","17":"tag-latestnews","18":"tag-main-news","19":"tag-mainnews","20":"tag-mundo","21":"tag-news","22":"tag-noticias","23":"tag-noticias-principais","24":"tag-noticiasprincipais","25":"tag-principais-noticias","26":"tag-principaisnoticias","27":"tag-top-stories","28":"tag-topstories","29":"tag-ultimas","30":"tag-ultimas-noticias","31":"tag-ultimasnoticias","32":"tag-vladimir-putin","33":"tag-world","34":"tag-world-news","35":"tag-worldnews"},"share_on_mastodon":{"url":"https:\/\/pubeurope.com\/@pt\/115740711664806963","error":""},"_links":{"self":[{"href":"https:\/\/www.europesays.com\/pt\/wp-json\/wp\/v2\/posts\/193270","targetHints":{"allow":["GET"]}}],"collection":[{"href":"https:\/\/www.europesays.com\/pt\/wp-json\/wp\/v2\/posts"}],"about":[{"href":"https:\/\/www.europesays.com\/pt\/wp-json\/wp\/v2\/types\/post"}],"author":[{"embeddable":true,"href":"https:\/\/www.europesays.com\/pt\/wp-json\/wp\/v2\/users\/2"}],"replies":[{"embeddable":true,"href":"https:\/\/www.europesays.com\/pt\/wp-json\/wp\/v2\/comments?post=193270"}],"version-history":[{"count":0,"href":"https:\/\/www.europesays.com\/pt\/wp-json\/wp\/v2\/posts\/193270\/revisions"}],"wp:featuredmedia":[{"embeddable":true,"href":"https:\/\/www.europesays.com\/pt\/wp-json\/wp\/v2\/media\/193271"}],"wp:attachment":[{"href":"https:\/\/www.europesays.com\/pt\/wp-json\/wp\/v2\/media?parent=193270"}],"wp:term":[{"taxonomy":"category","embeddable":true,"href":"https:\/\/www.europesays.com\/pt\/wp-json\/wp\/v2\/categories?post=193270"},{"taxonomy":"post_tag","embeddable":true,"href":"https:\/\/www.europesays.com\/pt\/wp-json\/wp\/v2\/tags?post=193270"}],"curies":[{"name":"wp","href":"https:\/\/api.w.org\/{rel}","templated":true}]}}