{"id":193272,"date":"2025-12-18T13:04:19","date_gmt":"2025-12-18T13:04:19","guid":{"rendered":"https:\/\/www.europesays.com\/pt\/193272\/"},"modified":"2025-12-18T13:04:19","modified_gmt":"2025-12-18T13:04:19","slug":"policias-salvam-bebe-em-asfixia-apos-ingerir-pequeno-objeto","status":"publish","type":"post","link":"https:\/\/www.europesays.com\/pt\/193272\/","title":{"rendered":"Pol\u00edcias salvam beb\u00e9 em asfixia ap\u00f3s ingerir pequeno objeto"},"content":{"rendered":"<p data-remotead-prev-elm=\"true\" data-remotead-elm-id=\"inread\">Pelas 20.15 horas de domingo, o pai da menina deslocou-se, &#8220;em estado de grande afli\u00e7\u00e3o&#8221;, \u00e0 esquadra, pedindo ajudo para a sua filha que estava a sufocar, relata um comunicado da PSP de Lisboa. Pol\u00edcias da Esquadra de Investiga\u00e7\u00e3o Criminal foram de imediato em aux\u00edlio da menina. J\u00e1 na casa da fam\u00edlia, na freguesia da Encosta do Sol, verificaram que o beb\u00e9 &#8220;apresentava sinais evidentes de asfixia, nomeadamente altera\u00e7\u00e3o da colora\u00e7\u00e3o da pele&#8221;.<\/p>\n<p>&#8220;Perante a gravidade da situa\u00e7\u00e3o, os pol\u00edcias iniciaram prontamente manobras de desobstru\u00e7\u00e3o das vias a\u00e9reas, conseguindo reverter o quadro cl\u00ednico, levando a crian\u00e7a a recuperar a respira\u00e7\u00e3o, a chorar e a apresentar colora\u00e7\u00e3o normal da pele, afastando o perigo iminente de vida&#8221;, explica a PSP.<\/p>\n<p>Poucos minutos depois, compareceram no local os Bombeiros Volunt\u00e1rios da Amadora, que confirmaram a estabilidade da crian\u00e7a e procederam ao seu transporte para o Hospital S\u00e3o Francisco Xavier, onde ficou em observa\u00e7\u00e3o m\u00e9dica.<\/p>\n<p>Ingeriu pequeno objeto quando brincava<\/p>\n<p data-remotead-prev-elm=\"true\" data-remotead-elm-id=\"centro1\">Segundo informa\u00e7\u00e3o recolhida pela PSP, a situa\u00e7\u00e3o ter\u00e1 sido causada pela ingest\u00e3o acidental de um pequeno objeto enquanto a crian\u00e7a brincava.<\/p>\n<p>Em comunicado, a PSP &#8220;releva a pronta interven\u00e7\u00e3o dos seus elementos, sublinhando a import\u00e2ncia da forma\u00e7\u00e3o em primeiros socorros, bem como da r\u00e1pida articula\u00e7\u00e3o com os meios de emerg\u00eancia, fatores determinantes para a preserva\u00e7\u00e3o da vida humana&#8221;. A PSP aproveita ainda para &#8220;alertar pais e cuidadores para a necessidade de especial aten\u00e7\u00e3o \u00e0 seguran\u00e7a de beb\u00e9s e crian\u00e7as, em particular no que respeita a pequenos objetos suscet\u00edveis de provocar asfixia&#8221;.<\/p>\n","protected":false},"excerpt":{"rendered":"Pelas 20.15 horas de domingo, o pai da menina deslocou-se, &#8220;em estado de grande afli\u00e7\u00e3o&#8221;, \u00e0 esquadra, pedindo&hellip;\n","protected":false},"author":2,"featured_media":193273,"comment_status":"","ping_status":"","sticky":false,"template":"","format":"standard","meta":{"footnotes":""},"categories":[10],"tags":[4249,2557,27,28,15,16,14,603,25,26,21,22,12,13,19,20,32,23,24,1306,33,5570,17,18,29,30,31],"class_list":{"0":"post-193272","1":"post","2":"type-post","3":"status-publish","4":"format-standard","5":"has-post-thumbnail","7":"category-portugal","8":"tag-amadora","9":"tag-bebe","10":"tag-breaking-news","11":"tag-breakingnews","12":"tag-featured-news","13":"tag-featurednews","14":"tag-headlines","15":"tag-justica","16":"tag-latest-news","17":"tag-latestnews","18":"tag-main-news","19":"tag-mainnews","20":"tag-news","21":"tag-noticias","22":"tag-noticias-principais","23":"tag-noticiasprincipais","24":"tag-portugal","25":"tag-principais-noticias","26":"tag-principaisnoticias","27":"tag-psp","28":"tag-pt","29":"tag-salvamento","30":"tag-top-stories","31":"tag-topstories","32":"tag-ultimas","33":"tag-ultimas-noticias","34":"tag-ultimasnoticias"},"share_on_mastodon":{"url":"https:\/\/pubeurope.com\/@pt\/115740715702523938","error":""},"_links":{"self":[{"href":"https:\/\/www.europesays.com\/pt\/wp-json\/wp\/v2\/posts\/193272","targetHints":{"allow":["GET"]}}],"collection":[{"href":"https:\/\/www.europesays.com\/pt\/wp-json\/wp\/v2\/posts"}],"about":[{"href":"https:\/\/www.europesays.com\/pt\/wp-json\/wp\/v2\/types\/post"}],"author":[{"embeddable":true,"href":"https:\/\/www.europesays.com\/pt\/wp-json\/wp\/v2\/users\/2"}],"replies":[{"embeddable":true,"href":"https:\/\/www.europesays.com\/pt\/wp-json\/wp\/v2\/comments?post=193272"}],"version-history":[{"count":0,"href":"https:\/\/www.europesays.com\/pt\/wp-json\/wp\/v2\/posts\/193272\/revisions"}],"wp:featuredmedia":[{"embeddable":true,"href":"https:\/\/www.europesays.com\/pt\/wp-json\/wp\/v2\/media\/193273"}],"wp:attachment":[{"href":"https:\/\/www.europesays.com\/pt\/wp-json\/wp\/v2\/media?parent=193272"}],"wp:term":[{"taxonomy":"category","embeddable":true,"href":"https:\/\/www.europesays.com\/pt\/wp-json\/wp\/v2\/categories?post=193272"},{"taxonomy":"post_tag","embeddable":true,"href":"https:\/\/www.europesays.com\/pt\/wp-json\/wp\/v2\/tags?post=193272"}],"curies":[{"name":"wp","href":"https:\/\/api.w.org\/{rel}","templated":true}]}}