{"id":193274,"date":"2025-12-18T13:05:53","date_gmt":"2025-12-18T13:05:53","guid":{"rendered":"https:\/\/www.europesays.com\/pt\/193274\/"},"modified":"2025-12-18T13:05:53","modified_gmt":"2025-12-18T13:05:53","slug":"governo-aprova-aumento-do-salario-minimo-para-920-euros-conselho-de-ministros","status":"publish","type":"post","link":"https:\/\/www.europesays.com\/pt\/193274\/","title":{"rendered":"Governo aprova aumento do sal\u00e1rio m\u00ednimo para 920 euros | Conselho de Ministros"},"content":{"rendered":"<p>O Governo aprovou nesta quarta-feira <a href=\"https:\/\/www.publico.pt\/2025\/12\/16\/economia\/noticia\/governo-vai-aprovar-aumento-salario-minimo-920-euros-2026-2158351\" rel=\"nofollow noopener\" target=\"_blank\">o aumento do sal\u00e1rio m\u00ednimo nacional<\/a> de 870 euros para 920 euros por m\u00eas. O an\u00fancio foi feito pelo ministro da Presid\u00eancia, Ant\u00f3nio Leit\u00e3o Amaro, no final do Conselho de Ministros.<\/p>\n<p>&#8220;Foi fixado em 920 euros, exactamente como tinha sido acordado no acordo tripartido celebrado com os representantes das empresas e dos trabalhadores&#8221;, explicou o governante social-democrata, ressalvando que este aumento est\u00e1 inserido num conjunto de &#8220;v\u00e1rios compromissos&#8221; que s\u00e3o &#8220;condi\u00e7\u00f5es m\u00fatuas&#8221;. &#8220;Entre eles \u00e9 preciso n\u00e3o esquecer a reforma laboral&#8221;, acrescentou Leit\u00e3o Amaro.<\/p>\n<p>&#8220;\u00c9 um aumento significativo. Recordo que nestes governos de Lu\u00eds Montenegro como primeiro-ministro, em um ano e meio o sal\u00e1rio m\u00ednimo sobe 100 euros&#8221;, declarou. &#8220;\u00c9 uma medida extremamente importante para o combate \u00e0 pobreza&#8221;, disse ainda, evocando a descida da taxa de pobreza em Portugal em 2024.<\/p>\n<p>A meta prevista para o sal\u00e1rio m\u00ednimo nacional \u00e9 que em 2029, no final da legislatura em curso, o valor atinja 1100 euros.<\/p>\n","protected":false},"excerpt":{"rendered":"O Governo aprovou nesta quarta-feira o aumento do sal\u00e1rio m\u00ednimo nacional de 870 euros para 920 euros por&hellip;\n","protected":false},"author":2,"featured_media":193275,"comment_status":"","ping_status":"","sticky":false,"template":"","format":"standard","meta":{"footnotes":""},"categories":[8],"tags":[14705,27,28,853,353,15,16,301,14,25,26,1447,21,22,12,13,19,20,52,32,23,24,33,18438,17,18,29,30,31],"class_list":{"0":"post-193274","1":"post","2":"type-post","3":"status-publish","4":"format-standard","5":"has-post-thumbnail","7":"category-principais-noticias","8":"tag-antonio-leitao-amaro","9":"tag-breaking-news","10":"tag-breakingnews","11":"tag-conselho-de-ministros","12":"tag-em-destaque","13":"tag-featured-news","14":"tag-featurednews","15":"tag-governo","16":"tag-headlines","17":"tag-latest-news","18":"tag-latestnews","19":"tag-luis-montenegro","20":"tag-main-news","21":"tag-mainnews","22":"tag-news","23":"tag-noticias","24":"tag-noticias-principais","25":"tag-noticiasprincipais","26":"tag-politica","27":"tag-portugal","28":"tag-principais-noticias","29":"tag-principaisnoticias","30":"tag-pt","31":"tag-salario-minimo","32":"tag-top-stories","33":"tag-topstories","34":"tag-ultimas","35":"tag-ultimas-noticias","36":"tag-ultimasnoticias"},"share_on_mastodon":{"url":"https:\/\/pubeurope.com\/@pt\/115740723287838974","error":""},"_links":{"self":[{"href":"https:\/\/www.europesays.com\/pt\/wp-json\/wp\/v2\/posts\/193274","targetHints":{"allow":["GET"]}}],"collection":[{"href":"https:\/\/www.europesays.com\/pt\/wp-json\/wp\/v2\/posts"}],"about":[{"href":"https:\/\/www.europesays.com\/pt\/wp-json\/wp\/v2\/types\/post"}],"author":[{"embeddable":true,"href":"https:\/\/www.europesays.com\/pt\/wp-json\/wp\/v2\/users\/2"}],"replies":[{"embeddable":true,"href":"https:\/\/www.europesays.com\/pt\/wp-json\/wp\/v2\/comments?post=193274"}],"version-history":[{"count":0,"href":"https:\/\/www.europesays.com\/pt\/wp-json\/wp\/v2\/posts\/193274\/revisions"}],"wp:featuredmedia":[{"embeddable":true,"href":"https:\/\/www.europesays.com\/pt\/wp-json\/wp\/v2\/media\/193275"}],"wp:attachment":[{"href":"https:\/\/www.europesays.com\/pt\/wp-json\/wp\/v2\/media?parent=193274"}],"wp:term":[{"taxonomy":"category","embeddable":true,"href":"https:\/\/www.europesays.com\/pt\/wp-json\/wp\/v2\/categories?post=193274"},{"taxonomy":"post_tag","embeddable":true,"href":"https:\/\/www.europesays.com\/pt\/wp-json\/wp\/v2\/tags?post=193274"}],"curies":[{"name":"wp","href":"https:\/\/api.w.org\/{rel}","templated":true}]}}