{"id":193320,"date":"2025-12-18T13:45:36","date_gmt":"2025-12-18T13:45:36","guid":{"rendered":"https:\/\/www.europesays.com\/pt\/193320\/"},"modified":"2025-12-18T13:45:36","modified_gmt":"2025-12-18T13:45:36","slug":"continente-e-galp-juntam-nos-aos-descontos-em-cartao-marcas-querem-atrair-meio-milhao-de-clientes-num-ano","status":"publish","type":"post","link":"https:\/\/www.europesays.com\/pt\/193320\/","title":{"rendered":"Continente e Galp juntam NOS aos descontos &#8220;em cart\u00e3o&#8221;: marcas querem atrair meio milh\u00e3o de clientes num ano"},"content":{"rendered":"<p style=\"text-align: start;\">Ao fim de 18 anos de exist\u00eancia e com um n\u00famero de utilizadores que abrange hoje 4,7 milh\u00f5es de fam\u00edlias em Portugal, o<strong> cart\u00e3o Continente prepara-se para evoluir e vai juntar as telecomunica\u00e7\u00f5es \u00e0 lista de descontos cruzados que j\u00e1 oferece<\/strong> com mais de 20 marcas diferentes, entre elas a Galp, Solinca, Worten, Wells, Zippy, Pizza Hut, KFC, Go Natural, entre muitas outras.<\/p>\n<p><a href=\"https:\/\/expresso.pt\/subscrever?action=GEN&amp;channel=BAF&amp;type=CAP&amp;source=WEB&amp;returnUrl=https:\/\/expresso.pt\/economia\/empresas\/2025-12-17-continente-e-galp-juntam-nos-aos-descontos-em-cartao-marcas-querem-atrair-meio-milhao-de-clientes-num-ano--894dda03&amp;utm_source=expresso&amp;utm_medium=locked_article&amp;locked=true&amp;article_id=6aabb616-17bb-4834-8cb8-3fae2b290f3a&amp;author_id=B\u00e1rbara+Silva&amp;category=Empresas\" target=\"_self\" class=\"\" rel=\"nofollow noopener\">Subscrever<\/a>J\u00e1 \u00e9 Subscritor?Fa\u00e7a login e continue a ler<a href=\"http:\/\/expresso.pt\/codigo?redirectUrl=https:\/\/expresso.pt\/economia\/empresas\/2025-12-17-continente-e-galp-juntam-nos-aos-descontos-em-cartao-marcas-querem-atrair-meio-milhao-de-clientes-num-ano--894dda03\" target=\"_self\" class=\"\" rel=\"nofollow noopener\">Inserir C\u00f3digo<\/a>Comprou o Expresso?Insira o c\u00f3digo presente na Revista E para continuar a ler<\/p>\n","protected":false},"excerpt":{"rendered":"Ao fim de 18 anos de exist\u00eancia e com um n\u00famero de utilizadores que abrange hoje 4,7 milh\u00f5es&hellip;\n","protected":false},"author":2,"featured_media":193321,"comment_status":"","ping_status":"","sticky":false,"template":"","format":"standard","meta":{"footnotes":""},"categories":[83],"tags":[88,89,90,32,33],"class_list":{"0":"post-193320","1":"post","2":"type-post","3":"status-publish","4":"format-standard","5":"has-post-thumbnail","7":"category-empresas","8":"tag-business","9":"tag-economy","10":"tag-empresas","11":"tag-portugal","12":"tag-pt"},"share_on_mastodon":{"url":"https:\/\/pubeurope.com\/@pt\/115740876832849722","error":""},"_links":{"self":[{"href":"https:\/\/www.europesays.com\/pt\/wp-json\/wp\/v2\/posts\/193320","targetHints":{"allow":["GET"]}}],"collection":[{"href":"https:\/\/www.europesays.com\/pt\/wp-json\/wp\/v2\/posts"}],"about":[{"href":"https:\/\/www.europesays.com\/pt\/wp-json\/wp\/v2\/types\/post"}],"author":[{"embeddable":true,"href":"https:\/\/www.europesays.com\/pt\/wp-json\/wp\/v2\/users\/2"}],"replies":[{"embeddable":true,"href":"https:\/\/www.europesays.com\/pt\/wp-json\/wp\/v2\/comments?post=193320"}],"version-history":[{"count":0,"href":"https:\/\/www.europesays.com\/pt\/wp-json\/wp\/v2\/posts\/193320\/revisions"}],"wp:featuredmedia":[{"embeddable":true,"href":"https:\/\/www.europesays.com\/pt\/wp-json\/wp\/v2\/media\/193321"}],"wp:attachment":[{"href":"https:\/\/www.europesays.com\/pt\/wp-json\/wp\/v2\/media?parent=193320"}],"wp:term":[{"taxonomy":"category","embeddable":true,"href":"https:\/\/www.europesays.com\/pt\/wp-json\/wp\/v2\/categories?post=193320"},{"taxonomy":"post_tag","embeddable":true,"href":"https:\/\/www.europesays.com\/pt\/wp-json\/wp\/v2\/tags?post=193320"}],"curies":[{"name":"wp","href":"https:\/\/api.w.org\/{rel}","templated":true}]}}