{"id":193331,"date":"2025-12-18T13:54:17","date_gmt":"2025-12-18T13:54:17","guid":{"rendered":"https:\/\/www.europesays.com\/pt\/193331\/"},"modified":"2025-12-18T13:54:17","modified_gmt":"2025-12-18T13:54:17","slug":"destruicao-final-2-com-gerard-butler-recebe-trailer-inedito","status":"publish","type":"post","link":"https:\/\/www.europesays.com\/pt\/193331\/","title":{"rendered":"Destrui\u00e7\u00e3o Final 2, com Gerard Butler, recebe trailer in\u00e9dito"},"content":{"rendered":"<p class=\"wp-block-yoast-seo-estimated-reading-time yoast-reading-time__wrapper\">Estimated reading time: 2 minutos<\/p>\n<p>Estrelado por <strong>Gerard Butler<\/strong> (Covil de Ladr\u00f5es) e <strong>Morena Baccarin<\/strong> (Deadpool vs Wolverine), <a href=\"https:\/\/ovicio.com.br\/tag\/destruicao-final-o-ultimo-refugio\/\" target=\"_blank\" rel=\"noreferrer noopener nofollow\">Destrui\u00e7\u00e3o Final 2<\/a> recebeu um trailer in\u00e9dito pela <strong>Diamond Films<\/strong>.<\/p>\n<p>A sequ\u00eancia produzida pela\u00a0<strong>Lionsgate<\/strong>\u00a0\u00e9 situada cinco anos depois do impacto inicial de um cometa que devastou boa parte da Terra.<\/p>\n<p>John Garrity (Butler) continua em plena crise de meia-idade, enquanto sua esposa Allison Garrity (Baccarin) e o filho do casal (<strong>Roman Griffin Davis<\/strong>) enfrentam mais uma amea\u00e7a de quase extin\u00e7\u00e3o quando uma nova chuva de cometas interestelares atinge a atmosfera do planeta.<\/p>\n<p>Depois de lutarem para sobreviver dentro de um bunker na Groenl\u00e2ndia, eles decidem abandonar aquela seguran\u00e7a e atravessar a Europa devastada e radioativa em busca de um novo lar.<\/p>\n<p>Leia mais sobre Destrui\u00e7\u00e3o Final:<\/p>\n<p>No Brasil, sabemos que a estreia acontecer\u00e1 em <strong>5 de fevereiro de 2026<\/strong>.<\/p>\n<p>O elenco tamb\u00e9m trar\u00e1\u00a0<strong>Amber Rose Revah<\/strong>\u00a0(O Justiceiro),\u00a0<strong>Sophie Thompson<\/strong>\u00a0(Quatro Casamentos e um Funeral),\u00a0<strong>Trond Fausa Aurv\u00e5g<\/strong>\u00a0(A Pior Pessoa do Mundo) e\u00a0<strong>William Abadie<\/strong>\u00a0(Emily em Paris).<\/p>\n<p><strong>Ric Roman Waugh<\/strong>\u00a0retorna na dire\u00e7\u00e3o, a partir de um roteiro de\u00a0<strong>Chris Sparling<\/strong>\u00a0(Buried) e\u00a0<strong>Mitchell LaFortune<\/strong>\u00a0(Ambush).<\/p>\n<p><strong>Fonte<\/strong>: <a href=\"https:\/\/www.youtube.com\/watch?v=3D7eVWNAgUI\" target=\"_blank\" rel=\"noreferrer noopener nofollow\">YouTube<\/a><\/p>\n","protected":false},"excerpt":{"rendered":"Estimated reading time: 2 minutos Estrelado por Gerard Butler (Covil de Ladr\u00f5es) e Morena Baccarin (Deadpool vs Wolverine),&hellip;\n","protected":false},"author":2,"featured_media":193332,"comment_status":"","ping_status":"","sticky":false,"template":"","format":"standard","meta":{"footnotes":""},"categories":[140],"tags":[38791,21927,114,115,147,148,146,32,33],"class_list":{"0":"post-193331","1":"post","2":"type-post","3":"status-publish","4":"format-standard","5":"has-post-thumbnail","7":"category-filmes","8":"tag-destruicao-final","9":"tag-destruicao-final-o-ultimo-refugio","10":"tag-entertainment","11":"tag-entretenimento","12":"tag-film","13":"tag-filmes","14":"tag-movies","15":"tag-portugal","16":"tag-pt"},"share_on_mastodon":{"url":"https:\/\/pubeurope.com\/@pt\/115740912937765417","error":""},"_links":{"self":[{"href":"https:\/\/www.europesays.com\/pt\/wp-json\/wp\/v2\/posts\/193331","targetHints":{"allow":["GET"]}}],"collection":[{"href":"https:\/\/www.europesays.com\/pt\/wp-json\/wp\/v2\/posts"}],"about":[{"href":"https:\/\/www.europesays.com\/pt\/wp-json\/wp\/v2\/types\/post"}],"author":[{"embeddable":true,"href":"https:\/\/www.europesays.com\/pt\/wp-json\/wp\/v2\/users\/2"}],"replies":[{"embeddable":true,"href":"https:\/\/www.europesays.com\/pt\/wp-json\/wp\/v2\/comments?post=193331"}],"version-history":[{"count":0,"href":"https:\/\/www.europesays.com\/pt\/wp-json\/wp\/v2\/posts\/193331\/revisions"}],"wp:featuredmedia":[{"embeddable":true,"href":"https:\/\/www.europesays.com\/pt\/wp-json\/wp\/v2\/media\/193332"}],"wp:attachment":[{"href":"https:\/\/www.europesays.com\/pt\/wp-json\/wp\/v2\/media?parent=193331"}],"wp:term":[{"taxonomy":"category","embeddable":true,"href":"https:\/\/www.europesays.com\/pt\/wp-json\/wp\/v2\/categories?post=193331"},{"taxonomy":"post_tag","embeddable":true,"href":"https:\/\/www.europesays.com\/pt\/wp-json\/wp\/v2\/tags?post=193331"}],"curies":[{"name":"wp","href":"https:\/\/api.w.org\/{rel}","templated":true}]}}