{"id":193364,"date":"2025-12-18T14:18:25","date_gmt":"2025-12-18T14:18:25","guid":{"rendered":"https:\/\/www.europesays.com\/pt\/193364\/"},"modified":"2025-12-18T14:18:25","modified_gmt":"2025-12-18T14:18:25","slug":"ceara-estatua-gigante-de-santo-antonio-ganha-cabeca-apos-39-anos","status":"publish","type":"post","link":"https:\/\/www.europesays.com\/pt\/193364\/","title":{"rendered":"Cear\u00e1: est\u00e1tua gigante de Santo Ant\u00f4nio ganha cabe\u00e7a ap\u00f3s 39 anos"},"content":{"rendered":"<p>Moradores da cidade de <a href=\"https:\/\/pt.wikipedia.org\/wiki\/Caridade_(Cear%C3%A1)\" rel=\"nofollow noopener\" target=\"_blank\">Caridade<\/a>, no Cear\u00e1, celebraram na \u00faltima segunda-feira, 15, a instala\u00e7\u00e3o da cabe\u00e7a da est\u00e1tua do padroeiro Santo Ant\u00f4nio, um projeto que se arrastava desde 1984. O corpo da imponente escultura, que possui 19 metros de altura, estava localizado no Morro do Serrote e aguardava a conclus\u00e3o da obra desde 1986, quando o financiamento foi interrompido.<\/p>\n<p>De acordo com informa\u00e7\u00f5es do portal G1, a instala\u00e7\u00e3o da cabe\u00e7a faz parte de um novo esfor\u00e7o do <a href=\"https:\/\/www.ceara.gov.br\/\" rel=\"nofollow noopener\" target=\"_blank\">Governo do Cear\u00e1<\/a> para finalizar a obra, que agora integra um projeto mais amplo para desenvolver um complexo religioso no Serrote do C\u00e1gado, a eleva\u00e7\u00e3o mais alta da cidade. Este projeto ambiciona n\u00e3o apenas a constru\u00e7\u00e3o de uma nova est\u00e1tua de Santo Ant\u00f4nio com 36 metros de altura, mas tamb\u00e9m a cria\u00e7\u00e3o de um espa\u00e7o que incluir\u00e1 um museu, mirante, capela, \u00e1reas comerciais e infraestrutura adequada para visitantes, como escadarias e estacionamento.<\/p>\n<p>Embora a conclus\u00e3o da nova est\u00e1tua estivesse inicialmente prevista para 2022, o cronograma sofreu diversos atrasos. A ideia original de erigir a est\u00e1tua remonta ao per\u00edodo em que <strong>Raul Linhares<\/strong> ocupava a prefeitura, com o intuito de estimular o turismo religioso na regi\u00e3o, inspirando-se no sucesso de Canind\u00e9. No entanto, as obras foram suspensas ap\u00f3s poucos anos devido \u00e0 falta de recursos financeiros.<\/p>\n<p>A hist\u00f3ria da cabe\u00e7a abandonada do Santo Ant\u00f4nio inspirou a escritora cearense <strong>Socorro Acioli<\/strong>. Ao reexaminar um recorte de jornal que documentava a obra inacabada, ela viu uma oportunidade criativa e come\u00e7ou a desenvolver uma narrativa sobre um homem que reside na cabe\u00e7a esquecida da est\u00e1tua. Este conceito levou <strong>Socorro<\/strong> a ser selecionada como a \u00fanica brasileira para participar de uma oficina de cria\u00e7\u00e3o liter\u00e1ria sob orienta\u00e7\u00e3o do autor colombiano <a href=\"https:\/\/aventurasnahistoria.com.br\/noticias\/reportagem\/o-livro-que-gabriel-garcia-marquez-queria-destruir-e-foi-publicado-anos-depois.phtml\" rel=\"nofollow noopener\" target=\"_blank\">Gabriel Garc\u00eda M\u00e1rquez<\/a> em Cuba, em 2006.<\/p>\n<p>Os direitos para adaptar essa hist\u00f3ria, intitulada \u201cA Cabe\u00e7a do Santo\u201d, foram adquiridos pela produtora <strong>Joana Mariani<\/strong>, que ir\u00e1 dirigir o filme. A roteiriza\u00e7\u00e3o inicial ficou sob responsabilidade da cearense <strong>Nat\u00e1lia Maia<\/strong>, conhecida por sua colabora\u00e7\u00e3o no premiado longa-metragem \u201cPacarrete\u201d, dirigido por <strong>Allan Deberton<\/strong>.<\/p>\n<p>        <a href=\"https:\/\/aventurasnahistoria.com.br\/noticias\/author\/giovanna-gomes\" rel=\"nofollow noopener\" target=\"_blank\">&#13;<br \/>\n          <img loading=\"lazy\" alt=\"Giovanna Gomes\" src=\"https:\/\/www.europesays.com\/pt\/wp-content\/uploads\/2025\/12\/1766067505_510_33b368a526ac26c2f7de6462fce3004285811f04809ed05857f30d16a462d4c5\"  class=\"avatar avatar-115 photo rounded-circle mr-3\" height=\"115\" width=\"115\" decoding=\"async\"\/>        <\/a><\/p>\n<p>Giovanna Gomes \u00e9 jornalista e estudante de Hist\u00f3ria pela USP. Gosta de escrever sobre arte, arqueologia e tudo que diz repeito \u00e0 cultura e \u00e0 hist\u00f3ria do ser humano.<\/p>\n","protected":false},"excerpt":{"rendered":"Moradores da cidade de Caridade, no Cear\u00e1, celebraram na \u00faltima segunda-feira, 15, a instala\u00e7\u00e3o da cabe\u00e7a da est\u00e1tua&hellip;\n","protected":false},"author":2,"featured_media":193365,"comment_status":"","ping_status":"","sticky":false,"template":"","format":"standard","meta":{"footnotes":"","_share_on_mastodon":"0"},"categories":[144],"tags":[207,205,206,203,201,202,2200,3570,204,114,115,2454,2768,38795,32,33,38796],"class_list":["post-193364","post","type-post","status-publish","format-standard","has-post-thumbnail","category-arte-e-design","tag-arte","tag-arte-e-design","tag-artedesign","tag-arts","tag-arts-and-design","tag-artsanddesign","tag-cabeca","tag-corpo","tag-design","tag-entertainment","tag-entretenimento","tag-escultura","tag-estatua","tag-morro-do-serrote","tag-portugal","tag-pt","tag-santo-antonio"],"share_on_mastodon":{"url":"https:\/\/pubeurope.com\/@pt\/115741006915965891","error":""},"_links":{"self":[{"href":"https:\/\/www.europesays.com\/pt\/wp-json\/wp\/v2\/posts\/193364","targetHints":{"allow":["GET"]}}],"collection":[{"href":"https:\/\/www.europesays.com\/pt\/wp-json\/wp\/v2\/posts"}],"about":[{"href":"https:\/\/www.europesays.com\/pt\/wp-json\/wp\/v2\/types\/post"}],"author":[{"embeddable":true,"href":"https:\/\/www.europesays.com\/pt\/wp-json\/wp\/v2\/users\/2"}],"replies":[{"embeddable":true,"href":"https:\/\/www.europesays.com\/pt\/wp-json\/wp\/v2\/comments?post=193364"}],"version-history":[{"count":0,"href":"https:\/\/www.europesays.com\/pt\/wp-json\/wp\/v2\/posts\/193364\/revisions"}],"wp:featuredmedia":[{"embeddable":true,"href":"https:\/\/www.europesays.com\/pt\/wp-json\/wp\/v2\/media\/193365"}],"wp:attachment":[{"href":"https:\/\/www.europesays.com\/pt\/wp-json\/wp\/v2\/media?parent=193364"}],"wp:term":[{"taxonomy":"category","embeddable":true,"href":"https:\/\/www.europesays.com\/pt\/wp-json\/wp\/v2\/categories?post=193364"},{"taxonomy":"post_tag","embeddable":true,"href":"https:\/\/www.europesays.com\/pt\/wp-json\/wp\/v2\/tags?post=193364"}],"curies":[{"name":"wp","href":"https:\/\/api.w.org\/{rel}","templated":true}]}}