{"id":193373,"date":"2025-12-18T14:26:25","date_gmt":"2025-12-18T14:26:25","guid":{"rendered":"https:\/\/www.europesays.com\/pt\/193373\/"},"modified":"2025-12-18T14:26:25","modified_gmt":"2025-12-18T14:26:25","slug":"danca-das-cadeiras-alex-silva-e-o-novo-gerente-comercial-das-edicoes-cnbb","status":"publish","type":"post","link":"https:\/\/www.europesays.com\/pt\/193373\/","title":{"rendered":"Dan\u00e7a das Cadeiras: Alex Silva \u00e9 o novo gerente comercial das Edi\u00e7\u00f5es CNBB"},"content":{"rendered":"<p>Dan\u00e7a das Cadeiras: Alex Silva \u00e9 o novo gerente comercial das Edi\u00e7\u00f5es CNBB<\/p>\n<p>PublishNews, Reda\u00e7\u00e3o, 18\/12\/2025<\/p>\n<p>Profissional trabalhou por 21 anos na distribuidora Loyola, e depois foi atuar na Buzz Editora, onde ficou por sete anos, como representante de vendas<\/p>\n<p>\t\t\t\t\t\t\t\t\t\t\t\t\t\t\t\t<img loading=\"lazy\" decoding=\"async\" src=\"https:\/\/www.europesays.com\/pt\/wp-content\/uploads\/2025\/12\/k1qAJZnfplKPSm3KFa9sL7x6i7yhJYrg9OLSSo9Z7UPSme8RmkiRy647kv0XScT013RjOayBmAOLJmOq.png\" width=\"241\" height=\"241\" alt=\"Alex Silva, novo gerente comercial nacional da Edi\u00e7\u00f5es CNBB | \u00a9 Divulga\u00e7\u00e3o\" title=\"Alex Silva, novo gerente comercial nacional da Edi\u00e7\u00f5es CNBB | \u00a9 Divulga\u00e7\u00e3o\" \/><\/p>\n<p>Alex Silva, novo gerente comercial nacional da Edi\u00e7\u00f5es CNBB | \u00a9 Divulga\u00e7\u00e3o<\/p>\n<p>A <a href=\"https:\/\/www.publishnews.com.br\/etiquetas\/edicoes-cnbb\" target=\"_blank\" rel=\"nofollow noopener\"><strong>Edi\u00e7\u00f5es CNBB<\/strong><\/a> anunciou a chegada de <strong>Alex Silva<\/strong> como o novo <strong>Gerente Comercial <\/strong>da casa. &#8220;Este refor\u00e7o em nossa equipe reflete o nosso compromisso cont\u00ednuo em fortalecer a nossa miss\u00e3o de evangelizar atrav\u00e9s da cultura e do conhecimento, aprimorando cada vez mais o atendimento aos nossos parceiros e a distribui\u00e7\u00e3o de nossas obras por todo o Brasil. O Alex chega com a miss\u00e3o de estreitar la\u00e7os, ouvir as demandas do mercado e construir novas oportunidades de crescimento conjunto&#8221;, diz uma nota da editora enviada ao mercado.<\/p>\n<p>Alex trabalhou por 21 anos na distribuidora Loyola, e depois foi atuar na Buzz Editora, onde ficou por sete anos, como representante de vendas. Em fevereiro deste ano, a Edi\u00e7\u00f5es CNBB o convidou pra assumir a ger\u00eancia da unidade em S\u00e3o Paulo, e agora ele foi promovido a gerente nacional.<\/p>\n","protected":false},"excerpt":{"rendered":"Dan\u00e7a das Cadeiras: Alex Silva \u00e9 o novo gerente comercial das Edi\u00e7\u00f5es CNBB PublishNews, Reda\u00e7\u00e3o, 18\/12\/2025 Profissional trabalhou&hellip;\n","protected":false},"author":2,"featured_media":193374,"comment_status":"","ping_status":"","sticky":false,"template":"","format":"standard","meta":{"footnotes":"","_share_on_mastodon":"0"},"categories":[84],"tags":[868,877,867,109,107,108,869,872,873,880,874,870,875,878,879,864,876,237,871,865,866,13,32,33,105,103,104,106,110],"class_list":["post-193373","post","type-post","status-publish","format-standard","has-post-thumbnail","category-ciencia-e-tecnologia","tag-best-seller","tag-biblioteca","tag-bienal-do-livro","tag-ciencia","tag-ciencia-e-tecnologia","tag-cienciaetecnologia","tag-clipping","tag-e-book","tag-ebook","tag-editora","tag-escritor","tag-eventos","tag-festival-literario","tag-lancamentos","tag-leitura","tag-literatura","tag-livraria","tag-livro","tag-livro-digital","tag-mercado-editorial","tag-mercado-livreiro","tag-noticias","tag-portugal","tag-pt","tag-science","tag-science-and-technology","tag-scienceandtechnology","tag-technology","tag-tecnologia"],"share_on_mastodon":{"url":"https:\/\/pubeurope.com\/@pt\/115741038191804978","error":""},"_links":{"self":[{"href":"https:\/\/www.europesays.com\/pt\/wp-json\/wp\/v2\/posts\/193373","targetHints":{"allow":["GET"]}}],"collection":[{"href":"https:\/\/www.europesays.com\/pt\/wp-json\/wp\/v2\/posts"}],"about":[{"href":"https:\/\/www.europesays.com\/pt\/wp-json\/wp\/v2\/types\/post"}],"author":[{"embeddable":true,"href":"https:\/\/www.europesays.com\/pt\/wp-json\/wp\/v2\/users\/2"}],"replies":[{"embeddable":true,"href":"https:\/\/www.europesays.com\/pt\/wp-json\/wp\/v2\/comments?post=193373"}],"version-history":[{"count":0,"href":"https:\/\/www.europesays.com\/pt\/wp-json\/wp\/v2\/posts\/193373\/revisions"}],"wp:featuredmedia":[{"embeddable":true,"href":"https:\/\/www.europesays.com\/pt\/wp-json\/wp\/v2\/media\/193374"}],"wp:attachment":[{"href":"https:\/\/www.europesays.com\/pt\/wp-json\/wp\/v2\/media?parent=193373"}],"wp:term":[{"taxonomy":"category","embeddable":true,"href":"https:\/\/www.europesays.com\/pt\/wp-json\/wp\/v2\/categories?post=193373"},{"taxonomy":"post_tag","embeddable":true,"href":"https:\/\/www.europesays.com\/pt\/wp-json\/wp\/v2\/tags?post=193373"}],"curies":[{"name":"wp","href":"https:\/\/api.w.org\/{rel}","templated":true}]}}