{"id":193413,"date":"2025-12-18T14:58:26","date_gmt":"2025-12-18T14:58:26","guid":{"rendered":"https:\/\/www.europesays.com\/pt\/193413\/"},"modified":"2025-12-18T14:58:26","modified_gmt":"2025-12-18T14:58:26","slug":"leao-xiv-evitar-o-ativismo-frenetico-que-desilude-e-esvazia-a-celebracao-do-natal","status":"publish","type":"post","link":"https:\/\/www.europesays.com\/pt\/193413\/","title":{"rendered":"Le\u00e3o XIV: evitar o &#8220;ativismo fren\u00e9tico&#8221; que desilude e esvazia a celebra\u00e7\u00e3o do Natal"},"content":{"rendered":"<p>Em sua sauda\u00e7\u00e3o aos peregrinos reunidos na Pra\u00e7a S\u00e3o Pedro para a Audi\u00eancia Geral, o Papa recordou o valor cultural, art\u00edstico e religioso do pres\u00e9pio e exortou a reservar um tempo para se preparar para a espera de Jesus, &#8220;tesouro de nossa vida&#8221;.<\/p>\n<p><b>Edoardo Giribaldi \u2013 Vatican News<\/b><\/p>\n<p>H\u00e1 uma celebra\u00e7\u00e3o para a qual nos preparar: o Natal. Mas deixar-se levar pela frenesia dos preparativos corre o risco de desvalorizar o dia 25 de dezembro de seu significado mais aut\u00eantico, a ponto de desiludir e ofuscar a acolhida de Jesus, &#8220;tesouro de nossa vida&#8221;. Na manh\u00e3 desta quarta-feira, 17 de dezembro, o Papa Le\u00e3o XIV alertou contra uma interpreta\u00e7\u00e3o &#8220;superficial&#8221; da vinda do Senhor, em suas sauda\u00e7\u00f5es aos peregrinos reunidos na Pra\u00e7a S\u00e3o Pedro para a Audi\u00eancia Geral.<\/p>\n<p>O pres\u00e9pio, um sinal de f\u00e9, arte e cultura <\/p>\n<p>Um sinal tang\u00edvel do Natal \u00e9 o pres\u00e9pio, &#8220;uma representa\u00e7\u00e3o evocativa do Mist\u00e9rio do Nascimento de Cristo&#8221;. Dirigindo-se aos peregrinos italianos, o Pont\u00edfice expressou sua esperan\u00e7a de que este elemento, t\u00e3o significativo do ponto de vista da f\u00e9, mas tamb\u00e9m da cultura e da arte, continue fazendo parte da tradi\u00e7\u00e3o natalina, para recordar Jesus que, tornando-se homem, veio &#8220;habitar entre n\u00f3s&#8221;.<\/p>\n<p>N\u00e3o esvaziar o Natal <\/p>\n<p>Aos fi\u00e9is de l\u00edngua francesa, Le\u00e3o XIV advertiu contra o &#8220;ativismo fren\u00e9tico&#8221; dos preparativos, que corre o risco de esvaziar o Natal e deixar espa\u00e7o para desilus\u00f5es.<\/p>\n<blockquote>\n<p>\u201cEm vez disso, dediquemos tempo para tornar o nosso cora\u00e7\u00e3o atento e vigilante na espera de Jesus, para que sua presen\u00e7a amorosa se torne para sempre o tesouro de nossa vida e do nosso cora\u00e7\u00e3o.\u201d<\/p>\n<\/blockquote>\n<p>Ao saudar os peregrinos de l\u00edngua portuguesa, Le\u00e3o XIV recordou a Novena de Natal, per\u00edodo para se preparar espiritualmente para a vinda de Jesus.<\/p>\n<blockquote>\n<p>\u201cEstamos na novena de Natal que, rica de tradi\u00e7\u00f5es em algumas de suas comunidades, se torna para todos uma renovada oportunidade de aliviar o cora\u00e7\u00e3o, preparando-o ao iminente nascimento do Filho de Deus. Que Nossa Senhora da Esperan\u00e7a os acompanhe neste empenho espiritual e os proteja sempre, a voc\u00eas e suas fam\u00edlias. O Senhor os aben\u00e7oe!\u201d<\/p>\n<\/blockquote>\n<p>Penit\u00eancia e retiros espirituais <\/p>\n<p>O Papa recomendou aos peregrinos poloneses a se prepararem para a vinda do Senhor recebendo o sacramento da Penit\u00eancia e fazendo retiros espirituais, experi\u00eancias capazes de proporcionar paz, alegria e um sentido aut\u00eantico da vida.<\/p>\n<p>Aguardar com alegria <\/p>\n<p>Aos peregrinos de l\u00edngua alem\u00e3, Le\u00e3o XIV disse:<\/p>\n<blockquote>\n<p>\u201cO Advento nos convida a nos prepararmos para o Natal, acolhendo Jesus sem reservas. Ele \u00e9 a nossa esperan\u00e7a. Portanto, aguardemos com alegria a festa do seu nascimento e rezemos juntos, cheios de confian\u00e7a: &#8220;Vem, Senhor Jesus&#8221;.\u201d<\/p>\n<\/blockquote>\n<p>O Papa recordou aos peregrinos de l\u00edngua \u00e1rabe que o crist\u00e3o &#8220;\u00e9 chamado a abrir o seu cora\u00e7\u00e3o ao amor a Deus e ao pr\u00f3ximo, para que se encha de verdadeira paz e alegria&#8221;.<\/p>\n","protected":false},"excerpt":{"rendered":"Em sua sauda\u00e7\u00e3o aos peregrinos reunidos na Pra\u00e7a S\u00e3o Pedro para a Audi\u00eancia Geral, o Papa recordou o&hellip;\n","protected":false},"author":2,"featured_media":193414,"comment_status":"","ping_status":"","sticky":false,"template":"","format":"standard","meta":{"footnotes":""},"categories":[50],"tags":[3991,27,28,15,16,14,25,26,21,22,62,7561,12,13,19,20,811,23,24,17,18,29,30,31,63,64,65],"class_list":{"0":"post-193413","1":"post","2":"type-post","3":"status-publish","4":"format-standard","5":"has-post-thumbnail","7":"category-mundo","8":"tag-audiencia-geral","9":"tag-breaking-news","10":"tag-breakingnews","11":"tag-featured-news","12":"tag-featurednews","13":"tag-headlines","14":"tag-latest-news","15":"tag-latestnews","16":"tag-main-news","17":"tag-mainnews","18":"tag-mundo","19":"tag-natal","20":"tag-news","21":"tag-noticias","22":"tag-noticias-principais","23":"tag-noticiasprincipais","24":"tag-papa-leao-xiv","25":"tag-principais-noticias","26":"tag-principaisnoticias","27":"tag-top-stories","28":"tag-topstories","29":"tag-ultimas","30":"tag-ultimas-noticias","31":"tag-ultimasnoticias","32":"tag-world","33":"tag-world-news","34":"tag-worldnews"},"share_on_mastodon":{"url":"https:\/\/pubeurope.com\/@pt\/115741163680803800","error":""},"_links":{"self":[{"href":"https:\/\/www.europesays.com\/pt\/wp-json\/wp\/v2\/posts\/193413","targetHints":{"allow":["GET"]}}],"collection":[{"href":"https:\/\/www.europesays.com\/pt\/wp-json\/wp\/v2\/posts"}],"about":[{"href":"https:\/\/www.europesays.com\/pt\/wp-json\/wp\/v2\/types\/post"}],"author":[{"embeddable":true,"href":"https:\/\/www.europesays.com\/pt\/wp-json\/wp\/v2\/users\/2"}],"replies":[{"embeddable":true,"href":"https:\/\/www.europesays.com\/pt\/wp-json\/wp\/v2\/comments?post=193413"}],"version-history":[{"count":0,"href":"https:\/\/www.europesays.com\/pt\/wp-json\/wp\/v2\/posts\/193413\/revisions"}],"wp:featuredmedia":[{"embeddable":true,"href":"https:\/\/www.europesays.com\/pt\/wp-json\/wp\/v2\/media\/193414"}],"wp:attachment":[{"href":"https:\/\/www.europesays.com\/pt\/wp-json\/wp\/v2\/media?parent=193413"}],"wp:term":[{"taxonomy":"category","embeddable":true,"href":"https:\/\/www.europesays.com\/pt\/wp-json\/wp\/v2\/categories?post=193413"},{"taxonomy":"post_tag","embeddable":true,"href":"https:\/\/www.europesays.com\/pt\/wp-json\/wp\/v2\/tags?post=193413"}],"curies":[{"name":"wp","href":"https:\/\/api.w.org\/{rel}","templated":true}]}}