{"id":193415,"date":"2025-12-18T15:00:29","date_gmt":"2025-12-18T15:00:29","guid":{"rendered":"https:\/\/www.europesays.com\/pt\/193415\/"},"modified":"2025-12-18T15:00:29","modified_gmt":"2025-12-18T15:00:29","slug":"vai-faltar-a-luz-nestas-seis-freguesias-de-norte-a-sul-do-pais-cortes-duram-varias-horas","status":"publish","type":"post","link":"https:\/\/www.europesays.com\/pt\/193415\/","title":{"rendered":"Vai faltar a luz nestas seis freguesias de norte a sul do pa\u00eds. Cortes duram v\u00e1rias horas"},"content":{"rendered":"<p>A E-Redes anunciou novas interrup\u00e7\u00f5es programadas no fornecimento de eletricidade para este domingo, 21 de dezembro, em v\u00e1rios pontos do pa\u00eds, sendo que Pinhel, na Guarda, aparece pela primeira vez como um dos locais afetados.<\/p>\n<p>Estas interven\u00e7\u00f5es t\u00eam como objetivo realizar trabalhos de manuten\u00e7\u00e3o, conserva\u00e7\u00e3o e liga\u00e7\u00e3o na rede de distribui\u00e7\u00e3o, garantindo a seguran\u00e7a e a fiabilidade do servi\u00e7o el\u00e9trico, como pode ler-se no site da distribuidora de eletricidade.<\/p>\n<p>Segundo a empresa, durante o per\u00edodo de interven\u00e7\u00e3o as instala\u00e7\u00f5es devem ser consideradas permanentemente em tens\u00e3o, mesmo que o fornecimento pare\u00e7a interrompido.\u00a0A E-Redes sublinha que procura sempre minimizar a dura\u00e7\u00e3o e o impacto destas a\u00e7\u00f5es, recorrendo a m\u00e9todos que evitem cortes prolongados de energia.<\/p>\n<p>Locais e hor\u00e1rios das interrup\u00e7\u00f5es programadas:<\/p>\n<p>Faro\/Lagoa <\/p>\n<p><strong>Freguesia de Ferragudo<\/strong><\/p>\n<p>07:00 \u00e0s 11:00<\/p>\n<p>Estrada De Ferragudo, S\u00edtio Vale Areia, S\u00edtio Vale Da Canada<\/p>\n<p>Faro\/Loul\u00e9 <\/p>\n<p><strong>Freguesia de Quarteira<\/strong><\/p>\n<p>07:00 \u00e0s 11:00<\/p>\n<p>Volta Do Esquilo<\/p>\n<p>Lisboa\/Lisboa <\/p>\n<p><strong>Freguesia de Alvalade<\/strong><\/p>\n<p>05:00 \u00e0s 11:00<\/p>\n<p>Rua Helena F\u00e9lix<\/p>\n<p><strong>Freguesia de Estrela<\/strong><\/p>\n<p>05:00 \u00e0s 11:00<\/p>\n<p>Beco Da Galheta<\/p>\n<p><strong>Freguesia de Uni\u00e3o Das Freguesias De Almargem Do Bispo, P\u00earo Pinheiro E Montelavar<\/strong><\/p>\n<p>06:00 \u00e0s 11:00<\/p>\n<p>Avenida Da Avia\u00e7\u00e3o Portuguesa, Caminho De Cortega\u00e7a, Lugar Cabecinha Montelavar, Rua 9 De Abril, Rua De S\u00e3o Pedro, Rua Fa\u00e7\u00e3o De Al\u00e9m, Terreiro Rossio, Travessa Do Fandango, Travessa Do Lavadouro, Travessa Do Rossio<\/p>\n<p><strong>Freguesia de Marinhais<\/strong><\/p>\n<p>06:00 \u00e0s 07:00<\/p>\n<p>Estrada Ladeira Justino, Estrada Nacional 367, Largo Da Rep\u00fablica, Praceta Da Caixa Agr\u00edcola, Praceta Manuel Sebasti\u00e3o Marques, Rua Jo\u00e3o Pinto Figueiredo<\/p>\n<p style=\"margin-bottom:11px\">\u00a0<\/p>\n","protected":false},"excerpt":{"rendered":"A E-Redes anunciou novas interrup\u00e7\u00f5es programadas no fornecimento de eletricidade para este domingo, 21 de dezembro, em v\u00e1rios&hellip;\n","protected":false},"author":2,"featured_media":193416,"comment_status":"","ping_status":"","sticky":false,"template":"","format":"standard","meta":{"footnotes":""},"categories":[8],"tags":[4996,4997,27,28,31211,2270,4999,15,16,14,25,26,186,21,22,4998,12,13,19,20,32,23,24,33,3204,110,17,18,29,30,31],"class_list":{"0":"post-193415","1":"post","2":"type-post","3":"status-publish","4":"format-standard","5":"has-post-thumbnail","7":"category-principais-noticias","8":"tag-away","9":"tag-away-magazine","10":"tag-breaking-news","11":"tag-breakingnews","12":"tag-e-redes","13":"tag-energia","14":"tag-evasao","15":"tag-featured-news","16":"tag-featurednews","17":"tag-headlines","18":"tag-latest-news","19":"tag-latestnews","20":"tag-lifestyle","21":"tag-main-news","22":"tag-mainnews","23":"tag-mobilidade","24":"tag-news","25":"tag-noticias","26":"tag-noticias-principais","27":"tag-noticiasprincipais","28":"tag-portugal","29":"tag-principais-noticias","30":"tag-principaisnoticias","31":"tag-pt","32":"tag-sustentabilidade","33":"tag-tecnologia","34":"tag-top-stories","35":"tag-topstories","36":"tag-ultimas","37":"tag-ultimas-noticias","38":"tag-ultimasnoticias"},"share_on_mastodon":{"url":"https:\/\/pubeurope.com\/@pt\/115741171747188088","error":""},"_links":{"self":[{"href":"https:\/\/www.europesays.com\/pt\/wp-json\/wp\/v2\/posts\/193415","targetHints":{"allow":["GET"]}}],"collection":[{"href":"https:\/\/www.europesays.com\/pt\/wp-json\/wp\/v2\/posts"}],"about":[{"href":"https:\/\/www.europesays.com\/pt\/wp-json\/wp\/v2\/types\/post"}],"author":[{"embeddable":true,"href":"https:\/\/www.europesays.com\/pt\/wp-json\/wp\/v2\/users\/2"}],"replies":[{"embeddable":true,"href":"https:\/\/www.europesays.com\/pt\/wp-json\/wp\/v2\/comments?post=193415"}],"version-history":[{"count":0,"href":"https:\/\/www.europesays.com\/pt\/wp-json\/wp\/v2\/posts\/193415\/revisions"}],"wp:featuredmedia":[{"embeddable":true,"href":"https:\/\/www.europesays.com\/pt\/wp-json\/wp\/v2\/media\/193416"}],"wp:attachment":[{"href":"https:\/\/www.europesays.com\/pt\/wp-json\/wp\/v2\/media?parent=193415"}],"wp:term":[{"taxonomy":"category","embeddable":true,"href":"https:\/\/www.europesays.com\/pt\/wp-json\/wp\/v2\/categories?post=193415"},{"taxonomy":"post_tag","embeddable":true,"href":"https:\/\/www.europesays.com\/pt\/wp-json\/wp\/v2\/tags?post=193415"}],"curies":[{"name":"wp","href":"https:\/\/api.w.org\/{rel}","templated":true}]}}