{"id":193443,"date":"2025-12-18T15:27:14","date_gmt":"2025-12-18T15:27:14","guid":{"rendered":"https:\/\/www.europesays.com\/pt\/193443\/"},"modified":"2025-12-18T15:27:14","modified_gmt":"2025-12-18T15:27:14","slug":"atiram-se-batatas-e-bloqueiam-se-ruas-em-bruxelas-com-tratores-contra-acordo-do-mercosul","status":"publish","type":"post","link":"https:\/\/www.europesays.com\/pt\/193443\/","title":{"rendered":"Atiram-se batatas e bloqueiam-se ruas em Bruxelas com tratores contra acordo do Mercosul"},"content":{"rendered":"<p data-remotead-prev-elm=\"true\" data-remotead-elm-id=\"inread\">Num dia em que come\u00e7a o Conselho Europeu, presidido pelo ex-primeiro-ministro portugu\u00eas Ant\u00f3nio Costa, os manifestantes rejeitam cortes nos apoios da Pol\u00edtica Agr\u00edcola Comum (PAC) e recusam a assinatura do acordo da Comiss\u00e3o Europeia com aquele conjunto de pa\u00edses sul-americanos, agendada para s\u00e1bado, em Foz do Igua\u00e7u, no Brasil.<\/p>\n<p><img decoding=\"async\" class=\"ngx-body\" guid=\"b421ad37-454d-499e-b905-547be9d848e3\" src=\"https:\/\/www.europesays.com\/pt\/wp-content\/uploads\/2025\/12\/1766071632_819_image.webp\" width=\"100%\"\/><br \/>Manifestantes atiram batatas (Foto: Nicolas Tucat \/ AFP)<\/p>\n<p>A concentra\u00e7\u00e3o estava oficialmente convocada para as 12 horas (11 horas, em Portugal continental) e tinha dura\u00e7\u00e3o prevista at\u00e9 \u00e0s 15.30 horas (14.30 horas), esperando-se a participa\u00e7\u00e3o de cerca de dez mil agricultores com perto de 500 tratores.<\/p>\n<p data-remotead-prev-elm=\"true\" data-remotead-elm-id=\"centro1\">&#8220;Estamos aqui para dizer n\u00e3o ao Mercosul&#8221;, disse \u00e0 ag\u00eancia France-Presse o produtor de leite belga Maxime Mabille. &#8220;\u00c9 como se a Europa se tivesse tornado uma ditadura&#8221;, afirmou, acusando a presidente da Comiss\u00e3o Europeia, Ursula von der Leyen, de tentar &#8220;impor o acordo&#8221;.<\/p>\n<p><img decoding=\"async\" class=\"ngx-body\" guid=\"620bb5d9-60c0-4a2b-bcf3-db9910ca3401\" src=\"https:\/\/www.europesays.com\/pt\/wp-content\/uploads\/2025\/12\/1766071633_474_image.webp\" width=\"100%\"\/><br \/>Inc\u00eandio provocado durante manifesta\u00e7\u00e3o de agricultores (Foto: Nicolas Tucat \/ AFP)<\/p>\n<p>O entendimento com o Mercosul est\u00e1 fora da agenda da reuni\u00e3o da c\u00fapula da UE, mais dedicada ao apoio financeiro \u00e0 Ucr\u00e2nia, mas fontes comunit\u00e1rias admitiram que o assunto pode ser abordado pelos l\u00edderes dos 27 estados-membros. A assinatura do acordo intercontinental precisa de maioria qualificada do Conselho Europeu, mas a Fran\u00e7a e a It\u00e1lia, embora menos, mant\u00eam algumas retic\u00eancias quanto a tal decis\u00e3o, prosseguindo negocia\u00e7\u00f5es com representantes dos pa\u00edses respons\u00e1veis pelo setor agr\u00edcola.<\/p>\n<p data-remotead-prev-elm=\"true\" data-remotead-elm-id=\"centro2\"><img decoding=\"async\" class=\"ngx-body\" guid=\"d111f10e-5d7e-4eab-acb1-59642b94c159\" src=\"https:\/\/www.europesays.com\/pt\/wp-content\/uploads\/2025\/12\/1766071633_222_image.webp\" width=\"100%\"\/><br \/>Tratores bloquearam ruas (Foto: Nicolas Tucat \/ AFP)<\/p>\n<p>Na quarta-feira, a UE alcan\u00e7ou as diretrizes finais das cl\u00e1usulas de salvaguarda do acordo comercial para proteger os agricultores europeus do potencial impacto negativo de um aumento das importa\u00e7\u00f5es latino-americanas, permitindo que a Comiss\u00e3o Europeia possa avaliar e tomar medidas sobre determinados produtos que possam causar maiores danos ao entrarem no mercado europeu.<\/p>\n<p><img decoding=\"async\" class=\"ngx-body\" guid=\"303da662-06e7-4f6e-996a-e8bb597f1233\" src=\"https:\/\/www.europesays.com\/pt\/wp-content\/uploads\/2025\/12\/1766071634_383_image.webp\" width=\"100%\"\/><br \/>Pol\u00edcia na frente do Parlamento Europeu (Foto: Nicolas Tucat \/ AFP)<\/p>\n","protected":false},"excerpt":{"rendered":"Num dia em que come\u00e7a o Conselho Europeu, presidido pelo ex-primeiro-ministro portugu\u00eas Ant\u00f3nio Costa, os manifestantes rejeitam cortes&hellip;\n","protected":false},"author":2,"featured_media":193444,"comment_status":"","ping_status":"","sticky":false,"template":"","format":"standard","meta":{"footnotes":""},"categories":[50],"tags":[27,28,1835,7962,15,16,14,25,26,21,22,4622,62,12,13,19,20,38807,23,24,38806,17,18,29,30,31,636,63,64,65],"class_list":{"0":"post-193443","1":"post","2":"type-post","3":"status-publish","4":"format-standard","5":"has-post-thumbnail","7":"category-mundo","8":"tag-breaking-news","9":"tag-breakingnews","10":"tag-bruxelas","11":"tag-conselho-europeu","12":"tag-featured-news","13":"tag-featurednews","14":"tag-headlines","15":"tag-latest-news","16":"tag-latestnews","17":"tag-main-news","18":"tag-mainnews","19":"tag-mercosul","20":"tag-mundo","21":"tag-news","22":"tag-noticias","23":"tag-noticias-principais","24":"tag-noticiasprincipais","25":"tag-politica-agricola-comum","26":"tag-principais-noticias","27":"tag-principaisnoticias","28":"tag-protestos-dos-agricultores","29":"tag-top-stories","30":"tag-topstories","31":"tag-ultimas","32":"tag-ultimas-noticias","33":"tag-ultimasnoticias","34":"tag-uniao-europeia","35":"tag-world","36":"tag-world-news","37":"tag-worldnews"},"share_on_mastodon":{"url":"","error":"Validation failed: Text character limit of 500 exceeded"},"_links":{"self":[{"href":"https:\/\/www.europesays.com\/pt\/wp-json\/wp\/v2\/posts\/193443","targetHints":{"allow":["GET"]}}],"collection":[{"href":"https:\/\/www.europesays.com\/pt\/wp-json\/wp\/v2\/posts"}],"about":[{"href":"https:\/\/www.europesays.com\/pt\/wp-json\/wp\/v2\/types\/post"}],"author":[{"embeddable":true,"href":"https:\/\/www.europesays.com\/pt\/wp-json\/wp\/v2\/users\/2"}],"replies":[{"embeddable":true,"href":"https:\/\/www.europesays.com\/pt\/wp-json\/wp\/v2\/comments?post=193443"}],"version-history":[{"count":0,"href":"https:\/\/www.europesays.com\/pt\/wp-json\/wp\/v2\/posts\/193443\/revisions"}],"wp:featuredmedia":[{"embeddable":true,"href":"https:\/\/www.europesays.com\/pt\/wp-json\/wp\/v2\/media\/193444"}],"wp:attachment":[{"href":"https:\/\/www.europesays.com\/pt\/wp-json\/wp\/v2\/media?parent=193443"}],"wp:term":[{"taxonomy":"category","embeddable":true,"href":"https:\/\/www.europesays.com\/pt\/wp-json\/wp\/v2\/categories?post=193443"},{"taxonomy":"post_tag","embeddable":true,"href":"https:\/\/www.europesays.com\/pt\/wp-json\/wp\/v2\/tags?post=193443"}],"curies":[{"name":"wp","href":"https:\/\/api.w.org\/{rel}","templated":true}]}}