{"id":193457,"date":"2025-12-18T15:39:20","date_gmt":"2025-12-18T15:39:20","guid":{"rendered":"https:\/\/www.europesays.com\/pt\/193457\/"},"modified":"2025-12-18T15:39:20","modified_gmt":"2025-12-18T15:39:20","slug":"parlamentares-manifestam-preocupacao-com-os-acordos-da-echostar-para-vender-espectro-sem-fio-para-a-att-e-a-spacex-tradingview-news","status":"publish","type":"post","link":"https:\/\/www.europesays.com\/pt\/193457\/","title":{"rendered":"parlamentares manifestam preocupa\u00e7\u00e3o com os acordos da Echostar para vender espectro sem fio para a AT&#038;T e a SpaceX. \u2014 TradingView News"},"content":{"rendered":"<p class=\"\">Na quinta-feira, dois parlamentares democratas expressaram preocupa\u00e7\u00e3o com os acordos da EchoStar para vender espectro essencial para a AT&amp;T e a SpaceX por US$ 40 bilh\u00f5es, afirmando que isso poderia reduzir a concorr\u00eancia nos mercados de redes sem fio e sat\u00e9lite.<\/p>\n<p class=\"\">A senadora Elizabeth Warren e o deputado Greg Casar instaram a Comiss\u00e3o Federal de Comunica\u00e7\u00f5es (FCC) e o Departamento de Justi\u00e7a a examinarem minuciosamente o acordo de US$ 23 bilh\u00f5es da AT&amp;T e o de US$ 17 bilh\u00f5es da SpaceX. &#8220;A proposta de aquisi\u00e7\u00e3o de espectro da EchoStar pela AT&amp;T amea\u00e7a consolidar ainda mais o setor de telecomunica\u00e7\u00f5es sem fio e agravar os danos aos consumidores&#8221;, escreveram os parlamentares. &#8220;A proposta de aquisi\u00e7\u00e3o de espectro da EchoStar pela SpaceX pode consolidar a posi\u00e7\u00e3o j\u00e1 dominante da SpaceX no mercado de sat\u00e9lites.&#8221;<\/p>\n<p class=\"\">A FCC e o Departamento de Justi\u00e7a n\u00e3o responderam imediatamente aos pedidos de coment\u00e1rios. <\/p>\n","protected":false},"excerpt":{"rendered":"Na quinta-feira, dois parlamentares democratas expressaram preocupa\u00e7\u00e3o com os acordos da EchoStar para vender espectro essencial para a&hellip;\n","protected":false},"author":2,"featured_media":118624,"comment_status":"","ping_status":"","sticky":false,"template":"","format":"standard","meta":{"footnotes":""},"categories":[84],"tags":[109,107,108,32,33,105,103,104,106,110],"class_list":{"0":"post-193457","1":"post","2":"type-post","3":"status-publish","4":"format-standard","5":"has-post-thumbnail","7":"category-ciencia-e-tecnologia","8":"tag-ciencia","9":"tag-ciencia-e-tecnologia","10":"tag-cienciaetecnologia","11":"tag-portugal","12":"tag-pt","13":"tag-science","14":"tag-science-and-technology","15":"tag-scienceandtechnology","16":"tag-technology","17":"tag-tecnologia"},"share_on_mastodon":{"url":"https:\/\/pubeurope.com\/@pt\/115741324972887715","error":""},"_links":{"self":[{"href":"https:\/\/www.europesays.com\/pt\/wp-json\/wp\/v2\/posts\/193457","targetHints":{"allow":["GET"]}}],"collection":[{"href":"https:\/\/www.europesays.com\/pt\/wp-json\/wp\/v2\/posts"}],"about":[{"href":"https:\/\/www.europesays.com\/pt\/wp-json\/wp\/v2\/types\/post"}],"author":[{"embeddable":true,"href":"https:\/\/www.europesays.com\/pt\/wp-json\/wp\/v2\/users\/2"}],"replies":[{"embeddable":true,"href":"https:\/\/www.europesays.com\/pt\/wp-json\/wp\/v2\/comments?post=193457"}],"version-history":[{"count":0,"href":"https:\/\/www.europesays.com\/pt\/wp-json\/wp\/v2\/posts\/193457\/revisions"}],"wp:featuredmedia":[{"embeddable":true,"href":"https:\/\/www.europesays.com\/pt\/wp-json\/wp\/v2\/media\/118624"}],"wp:attachment":[{"href":"https:\/\/www.europesays.com\/pt\/wp-json\/wp\/v2\/media?parent=193457"}],"wp:term":[{"taxonomy":"category","embeddable":true,"href":"https:\/\/www.europesays.com\/pt\/wp-json\/wp\/v2\/categories?post=193457"},{"taxonomy":"post_tag","embeddable":true,"href":"https:\/\/www.europesays.com\/pt\/wp-json\/wp\/v2\/tags?post=193457"}],"curies":[{"name":"wp","href":"https:\/\/api.w.org\/{rel}","templated":true}]}}