{"id":193470,"date":"2025-12-18T15:58:22","date_gmt":"2025-12-18T15:58:22","guid":{"rendered":"https:\/\/www.europesays.com\/pt\/193470\/"},"modified":"2025-12-18T15:58:22","modified_gmt":"2025-12-18T15:58:22","slug":"trinta-e-quatro-pessoas-detidas-em-postos-de-atendimento-da-aima","status":"publish","type":"post","link":"https:\/\/www.europesays.com\/pt\/193470\/","title":{"rendered":"Trinta e quatro pessoas detidas em postos de atendimento da AIMA"},"content":{"rendered":"<p data-remotead-prev-elm=\"true\" data-remotead-elm-id=\"inread\">No in\u00edcio da sua atividade, encontravam-se pendentes cerca de 450 mil processos de manifesta\u00e7\u00e3o de interesse, tendo sido essa a sua miss\u00e3o inicial. Ao longo do per\u00edodo de interven\u00e7\u00e3o, a capacidade instalada e a efici\u00eancia gerada no tratamento dos processos permitiram \u00e0 Estrutura de Miss\u00e3o tratar de outros desafios, relativos a outras tipologias que compunham cerca de um milh\u00e3o de processos pendentes.<\/p>\n<p>Concretamente al\u00e9m das manifesta\u00e7\u00f5es de interesse, existiam mais de 215 mil processos de autoriza\u00e7\u00e3o de resid\u00eancia para cidad\u00e3os da CPLP, 80 mil processos relativos ao Regime Transit\u00f3rio de Manifesta\u00e7\u00e3o de Interesse, 375 mil renova\u00e7\u00f5es de autoriza\u00e7\u00e3o de resid\u00eancia e 25 mil processos de reagrupamento familiar.<\/p>\n<p>&#8220;A situa\u00e7\u00e3o do ponto de partida n\u00e3o era s\u00f3 aquele n\u00famero. Por tr\u00e1s daquele milh\u00e3o estavam tantos milhares de pessoas com vidas paradas. A falta de documentos colocava-as numa situa\u00e7\u00e3o de indignidade&#8221;, afirmou Ant\u00f3nio Leit\u00e3o Amaro, ministro da Presid\u00eancia.<\/p>\n<p data-remotead-prev-elm=\"true\" data-remotead-elm-id=\"centro1\">O balan\u00e7o feito esta quinta-feira pelo coordenador da Estrutura de Miss\u00e3o, Lu\u00eds Goes Pinheiro, d\u00e1 conta que, do mais de um milh\u00e3o de processos pendentes, a Estrutura de Miss\u00e3o fez quase 940 mil notifica\u00e7\u00f5es. Destes processos, quase 387 mil foram decididos: 327 597 foram deferidos e 59194 indeferidos. Foram ainda emitidos 311 316 documentos.<\/p>\n<p>Do total de notifica\u00e7\u00f5es, foram feitos mais de 895 mil pagamentos e mais de 165 mil pedidos extintos por falta de pagamento. A opera\u00e7\u00e3o terminou com um saldo positivo gra\u00e7as aos 101 milh\u00f5es de euros de receitas geradas que superaram em 62 milh\u00f5es de euros, o investimento feito de 39 milh\u00f5es de euros.<\/p>\n<p>&#8220;Conseguimos juntos. E conseguimos fazer a maior opera\u00e7\u00e3o de resolu\u00e7\u00e3o de atrasos e processos pendentes, trazendo maior seguran\u00e7a a todos, portugueses e estrangeiros&#8221;, sustentou Ant\u00f3nio Leit\u00e3o Amaro. O ministro defendeu que foi uma &#8220;indignidade e vergonha para o pa\u00eds que n\u00e3o pode voltar a acontecer&#8221;.<\/p>\n<p data-remotead-prev-elm=\"true\" data-remotead-elm-id=\"centro2\">Tanto Lu\u00eds Goes Pinheiro como Leit\u00e3o Amaro sublinharam que durante o processo foram verificados mais de 454 mil registos criminais relativos a pedidos de manifesta\u00e7\u00f5es de interesse e a renova\u00e7\u00f5es de autoriza\u00e7\u00f5es de resid\u00eancia de pessoas oriundas de pa\u00edses da CPLP. Dessa an\u00e1lise resultou em 34 deten\u00e7\u00f5es nos postos de atendimento. Um n\u00famero, que tanto o coordenador da estrutura de miss\u00e3o como o ministro da Presid\u00eancia, classificaram de &#8220;residual&#8221;.<\/p>\n<p>&#8220;Ao pormos ordem neste processo estamos a fechar a porta aos bandidos. \u00c9 assim a cumprir a lei e n\u00e3o aos gritos&#8221;, afirmou o ministro.<\/p>\n","protected":false},"excerpt":{"rendered":"No in\u00edcio da sua atividade, encontravam-se pendentes cerca de 450 mil processos de manifesta\u00e7\u00e3o de interesse, tendo sido&hellip;\n","protected":false},"author":2,"featured_media":193471,"comment_status":"","ping_status":"","sticky":false,"template":"","format":"standard","meta":{"footnotes":""},"categories":[10],"tags":[1964,27,28,15,16,14,1865,25,26,21,22,38812,619,12,13,19,20,32,23,24,33,17,18,29,30,31],"class_list":{"0":"post-193470","1":"post","2":"type-post","3":"status-publish","4":"format-standard","5":"has-post-thumbnail","7":"category-portugal","8":"tag-aima","9":"tag-breaking-news","10":"tag-breakingnews","11":"tag-featured-news","12":"tag-featurednews","13":"tag-headlines","14":"tag-imigrantes","15":"tag-latest-news","16":"tag-latestnews","17":"tag-main-news","18":"tag-mainnews","19":"tag-manifestacao-de-interesse","20":"tag-nacional","21":"tag-news","22":"tag-noticias","23":"tag-noticias-principais","24":"tag-noticiasprincipais","25":"tag-portugal","26":"tag-principais-noticias","27":"tag-principaisnoticias","28":"tag-pt","29":"tag-top-stories","30":"tag-topstories","31":"tag-ultimas","32":"tag-ultimas-noticias","33":"tag-ultimasnoticias"},"share_on_mastodon":{"url":"https:\/\/pubeurope.com\/@pt\/115741399694497283","error":""},"_links":{"self":[{"href":"https:\/\/www.europesays.com\/pt\/wp-json\/wp\/v2\/posts\/193470","targetHints":{"allow":["GET"]}}],"collection":[{"href":"https:\/\/www.europesays.com\/pt\/wp-json\/wp\/v2\/posts"}],"about":[{"href":"https:\/\/www.europesays.com\/pt\/wp-json\/wp\/v2\/types\/post"}],"author":[{"embeddable":true,"href":"https:\/\/www.europesays.com\/pt\/wp-json\/wp\/v2\/users\/2"}],"replies":[{"embeddable":true,"href":"https:\/\/www.europesays.com\/pt\/wp-json\/wp\/v2\/comments?post=193470"}],"version-history":[{"count":0,"href":"https:\/\/www.europesays.com\/pt\/wp-json\/wp\/v2\/posts\/193470\/revisions"}],"wp:featuredmedia":[{"embeddable":true,"href":"https:\/\/www.europesays.com\/pt\/wp-json\/wp\/v2\/media\/193471"}],"wp:attachment":[{"href":"https:\/\/www.europesays.com\/pt\/wp-json\/wp\/v2\/media?parent=193470"}],"wp:term":[{"taxonomy":"category","embeddable":true,"href":"https:\/\/www.europesays.com\/pt\/wp-json\/wp\/v2\/categories?post=193470"},{"taxonomy":"post_tag","embeddable":true,"href":"https:\/\/www.europesays.com\/pt\/wp-json\/wp\/v2\/tags?post=193470"}],"curies":[{"name":"wp","href":"https:\/\/api.w.org\/{rel}","templated":true}]}}