{"id":193472,"date":"2025-12-18T16:00:41","date_gmt":"2025-12-18T16:00:41","guid":{"rendered":"https:\/\/www.europesays.com\/pt\/193472\/"},"modified":"2025-12-18T16:00:41","modified_gmt":"2025-12-18T16:00:41","slug":"final-de-a-fazenda-e-orlando-bloom-o-que-ver-na-quinta-17-12-2025-ilustrada","status":"publish","type":"post","link":"https:\/\/www.europesays.com\/pt\/193472\/","title":{"rendered":"&#8216;Final de &#8216;A Fazenda&#8217; e Orlando Bloom: o que ver na quinta &#8211; 17\/12\/2025 &#8211; Ilustrada"},"content":{"rendered":"<p>Filme de estreia da alem\u00e3 <a href=\"https:\/\/guia.folha.uol.com.br\/cinema\/2025\/08\/anonimo-2-e-princesa-mononoke-do-studio-ghibli-chegam-aos-cinemas-de-sao-paulo.shtml\" rel=\"nofollow noopener\" target=\"\">Mareike Engelhardt<\/a>, &#8220;Rabia &#8211; As Esposas do Estado Isl\u00e2mico&#8221; \u00e9 inspirado em relatos ver\u00eddicos de mulheres europeias. A trama acompanha Jessica, uma francesa de 19 anos que, seduzida pela promessa de uma nova vida na <a href=\"https:\/\/www1.folha.uol.com.br\/folha-topicos\/siria\/\" rel=\"nofollow noopener\" target=\"\">S\u00edria<\/a>, viaja para se casar com um combatente do <a href=\"https:\/\/www1.folha.uol.com.br\/folha-topicos\/estado-islamico\/\" rel=\"nofollow noopener\" target=\"\">Estado Isl\u00e2mico<\/a>. Ao chegar a Raqqa, ela se v\u00ea prisioneira de Madame, respons\u00e1vel por comandar com m\u00e3o de ferro um lar destinado \u00e0s futuras esposas.<\/p>\n<p><strong>Onde ver<\/strong>: Belas Artes \u00e0 la Carte, 16 anos<\/p>\n<p>A Fazenda<\/p>\n<p><strong>Onde ver<\/strong>: TV Record, 22h30, 12 anos<\/p>\n<p>O reality show apresentado por <a href=\"https:\/\/www1.folha.uol.com.br\/folha-topicos\/adriane-galisteu\/\" rel=\"nofollow noopener\" target=\"\">Adriane Galisteu<\/a> come\u00e7ou com 26 participantes. Ap\u00f3s quatro meses de confinamento, apenas quatro disputam a grande final \u2014<a href=\"https:\/\/f5.folha.uol.com.br\/televisao\/a-fazenda-17\/duda-wendling.shtml\" rel=\"nofollow noopener\" target=\"\">Duda Wendling<\/a>, Dudu Camargo, <a href=\"https:\/\/f5.folha.uol.com.br\/televisao\/a-fazenda-17\/saory-cardoso.shtml\" rel=\"nofollow noopener\" target=\"\">Saory Cardoso<\/a> e <a href=\"https:\/\/f5.folha.uol.com.br\/televisao\/a-fazenda-17\/2025\/12\/a-fazenda-17-duda-dudu-fabiano-e-saory-estao-na-final-vote-na-enquete.shtml\" rel=\"nofollow noopener\" target=\"\">Fabiano Moraes<\/a>. O pr\u00eamio \u00e9 de R$ 2 milh\u00f5es.<\/p>\n<p>Maria Madalena<\/p>\n<p><strong>Onde ver<\/strong>: Globoplay, 16 anos<\/p>\n<p>A s\u00e9rie de produ\u00e7\u00e3o mexicana retrata a trajet\u00f3ria da enigm\u00e1tica personagem-t\u00edtulo, desde um passado conturbado e os desafios impostos por uma sociedade opressora \u00e0s mulheres at\u00e9 o encontro com a f\u00e9 e a devo\u00e7\u00e3o. A protagonista \u00e9 interpretada pela atriz colombiana <a href=\"https:\/\/f5.folha.uol.com.br\/televisao\/2023\/11\/tv-brasil-compra-serie-catolica-mexicana-apos-descartar-novelas-biblicas-da-record.shtml\" rel=\"nofollow noopener\" target=\"\">Mar\u00eda Fernanda Yepes<\/a>.<\/p>\n<p>10Dance<\/p>\n<p><strong>Onde ver<\/strong>: Netflix, 14 anos<\/p>\n<p>Dois campe\u00f5es japoneses da dan\u00e7a s\u00e3o opostos em tudo, exceto nos nomes semelhantes, <a href=\"https:\/\/www1.folha.uol.com.br\/mundo\/2009\/06\/584573-coreia-do-norte-alerta-sobre-exercicio-militar-japao-teme-missil.shtml\" rel=\"nofollow noopener\" target=\"\">Shinya Suzuki<\/a> e Shinya Sugiki. Sugiki prop\u00f5e unir for\u00e7as para uma competi\u00e7\u00e3o, enquanto Suzuki resiste. Com o tempo, por\u00e9m, surge entre os dois uma conex\u00e3o inesperada. O filme <a href=\"https:\/\/www1.folha.uol.com.br\/folha-topicos\/lgbtqia\/\" rel=\"nofollow noopener\" target=\"\">LGBTQIA+<\/a> \u00e9 uma produ\u00e7\u00e3o feita no Jap\u00e3o.<\/p>\n<p>Pacto de Sangue<\/p>\n<p><strong>Onde ver<\/strong>: Lojas digitais, 18 anos<\/p>\n<p>No thriller de a\u00e7\u00e3o, <a href=\"https:\/\/f5.folha.uol.com.br\/celebridades\/2025\/07\/katy-perry-e-orlando-bloom-se-pronunciam-oficialmente-sobre-separacao.shtml\" rel=\"nofollow noopener\" target=\"\">Orlando Bloom<\/a> interpreta um homem que tenta levar uma vida tranquila nas zonas rurais dos <a href=\"https:\/\/www1.folha.uol.com.br\/fsp\/ilustrad\/fq3107200212.htm\" rel=\"nofollow noopener\" target=\"\">Apalaches <\/a>enquanto cuida da sobrinha. Quando uma chefe do crime o obriga a retomar um passado violento, ele far\u00e1 de tudo para proteger a fam\u00edlia e a comunidade.<\/p>\n<p>Pai em Dose Dupla 2<\/p>\n<p><strong>Onde ver<\/strong>: TV Globo, 15h35, 12 anos<\/p>\n<p>Na &#8220;<a href=\"https:\/\/www1.folha.uol.com.br\/ilustrada\/2025\/04\/sessao-da-tarde-e-william-bonner-o-que-ver-na-tv-e-no-streaming-nesta-sexta-feira.shtml\" rel=\"nofollow noopener\" target=\"\">Sess\u00e3o da Tarde<\/a>&#8220;, a sequ\u00eancia do filme de 2015 mostra pai e padrasto, vividos por <a href=\"https:\/\/f5.folha.uol.com.br\/celebridades\/2025\/04\/mark-wahlberg-diz-que-se-arrepende-de-nao-ter-aceitado-o-convite-para-atuar-em-star-trek.shtml\" rel=\"nofollow noopener\" target=\"\">Mark Wahlberg<\/a> e <a href=\"https:\/\/www1.folha.uol.com.br\/colunas\/lucianacoelho\/2021\/11\/o-psiquiatra-ao-lado-traz-will-ferrell-como-paciente-dominado-por-terapeuta.shtml\" rel=\"nofollow noopener\" target=\"\">Will Ferrell<\/a>, unindo for\u00e7as para oferecer aos filhos o <a href=\"https:\/\/guia.folha.uol.com.br\/passeios\/2025\/12\/natal-no-centro-de-sao-paulo-tem-patinacao-no-gelo-gratis-e-projecoes-coloridas.shtml\" rel=\"nofollow noopener\" target=\"\">Natal <\/a>perfeito. A s\u00fabita apari\u00e7\u00e3o de seus pais \u2014os av\u00f4s interpretados por <a href=\"https:\/\/f5.folha.uol.com.br\/cinema-e-series\/2021\/11\/mel-gibson-vai-dirigir-e-atuar-em-maquina-mortifera-5-diz-jornal.shtml\" rel=\"nofollow noopener\" target=\"\">Mel Gibson<\/a> e <a href=\"https:\/\/m.folha.uol.com.br\/ilustrada\/2010\/01\/680742-john-lithgow-ganha-globo-de-ouro-de-melhor-ator-coadjuvante-por-dexter.shtml\" rel=\"nofollow noopener\" target=\"\">John Lithgow<\/a>\u2014 complica a situa\u00e7\u00e3o de todos.<\/p>\n","protected":false},"excerpt":{"rendered":"Filme de estreia da alem\u00e3 Mareike Engelhardt, &#8220;Rabia &#8211; As Esposas do Estado Isl\u00e2mico&#8221; \u00e9 inspirado em relatos&hellip;\n","protected":false},"author":2,"featured_media":193473,"comment_status":"","ping_status":"","sticky":false,"template":"","format":"standard","meta":{"footnotes":""},"categories":[145],"tags":[207,211,210,470,767,3144,114,115,36668,236,3179,14127,1623,716,2592,32,33,2568,941,940,218,600],"class_list":{"0":"post-193472","1":"post","2":"type-post","3":"status-publish","4":"format-standard","5":"has-post-thumbnail","7":"category-celebridades","8":"tag-arte","9":"tag-celebridades","10":"tag-celebrities","11":"tag-cinema","12":"tag-comedia","13":"tag-danca","14":"tag-entertainment","15":"tag-entretenimento","16":"tag-estado-islamico","17":"tag-folha","18":"tag-globoplay","19":"tag-mark-wahlberg","20":"tag-multitela","21":"tag-netflix","22":"tag-orlando-bloom","23":"tag-portugal","24":"tag-pt","25":"tag-record","26":"tag-series","27":"tag-streaming","28":"tag-televisao","29":"tag-veja-video"},"share_on_mastodon":{"url":"https:\/\/pubeurope.com\/@pt\/115741407679637121","error":""},"_links":{"self":[{"href":"https:\/\/www.europesays.com\/pt\/wp-json\/wp\/v2\/posts\/193472","targetHints":{"allow":["GET"]}}],"collection":[{"href":"https:\/\/www.europesays.com\/pt\/wp-json\/wp\/v2\/posts"}],"about":[{"href":"https:\/\/www.europesays.com\/pt\/wp-json\/wp\/v2\/types\/post"}],"author":[{"embeddable":true,"href":"https:\/\/www.europesays.com\/pt\/wp-json\/wp\/v2\/users\/2"}],"replies":[{"embeddable":true,"href":"https:\/\/www.europesays.com\/pt\/wp-json\/wp\/v2\/comments?post=193472"}],"version-history":[{"count":0,"href":"https:\/\/www.europesays.com\/pt\/wp-json\/wp\/v2\/posts\/193472\/revisions"}],"wp:featuredmedia":[{"embeddable":true,"href":"https:\/\/www.europesays.com\/pt\/wp-json\/wp\/v2\/media\/193473"}],"wp:attachment":[{"href":"https:\/\/www.europesays.com\/pt\/wp-json\/wp\/v2\/media?parent=193472"}],"wp:term":[{"taxonomy":"category","embeddable":true,"href":"https:\/\/www.europesays.com\/pt\/wp-json\/wp\/v2\/categories?post=193472"},{"taxonomy":"post_tag","embeddable":true,"href":"https:\/\/www.europesays.com\/pt\/wp-json\/wp\/v2\/tags?post=193472"}],"curies":[{"name":"wp","href":"https:\/\/api.w.org\/{rel}","templated":true}]}}