{"id":193483,"date":"2025-12-18T16:13:32","date_gmt":"2025-12-18T16:13:32","guid":{"rendered":"https:\/\/www.europesays.com\/pt\/193483\/"},"modified":"2025-12-18T16:13:32","modified_gmt":"2025-12-18T16:13:32","slug":"china-homem-paralisado-controla-aparelhos-com-a-mente-apenas-cinco-dias-apos-implante-cerebral","status":"publish","type":"post","link":"https:\/\/www.europesays.com\/pt\/193483\/","title":{"rendered":"China: homem paralisado controla aparelhos com a mente apenas cinco dias ap\u00f3s implante cerebral"},"content":{"rendered":"<p>  De&amp;nbsp<a href=\"https:\/\/pt.euronews.com\/perfis\/2328\" rel=\"nofollow noopener\" target=\"_blank\">Theo Farrant<\/a>&amp;nbsp&amp;&amp;nbsp<b>AP<\/b><\/p>\n<p>\n         Publicado a<br \/>\n            18\/12\/2025 &#8211; 15:36 GMT+1\n            <\/p>\n<p>Um homem de 28 anos, paralisado por uma les\u00e3o medular grave durante oito anos, conseguiu controlar dispositivos utilizando apenas a sua mente, apenas cinco dias ap\u00f3s ter sido submetido a uma cirurgia de implante na China.<\/p>\n<p>A descoberta faz parte do primeiro ensaio cl\u00ednico no pa\u00eds de uma interface c\u00e9rebro-computador (ICC) totalmente implantada, sem fios e totalmente funcional.<\/p>\n<p>As ICC ligam o sistema nervoso de uma pessoa a dispositivos capazes de interpretar a sua atividade cerebral, permitindo-lhe agir &#8211; como utilizar um computador ou mover uma m\u00e3o prot\u00e9sica &#8211; pela simples for\u00e7a do seu pensamento.<\/p>\n<p>&#8220;Ele pode controlar eletrodom\u00e9sticos e at\u00e9 mesmo operar a sua cadeira de rodas &#8211; tudo isto pode ser conseguido&#8221;, disse Mao Ying, presidente do Hospital Huashan da Universidade de Fudan.<\/p>\n<p>O dispositivo, desenvolvido pela Shanghai NeuroXess, utiliza 64 el\u00e9trodos &#8211; cada um com apenas 1% da largura de um fio de cabelo humano &#8211; o que o torna um dos mais pequenos e menos invasivos implantes de ICC do mundo.<\/p>\n<p>Os el\u00e9trodos s\u00e3o implantados no c\u00e9rebro, enquanto o controlador, a bateria, a antena e o processador ficam por baixo da pele, \u00e0 frente do peito.<\/p>\n<p>Uma base de carregamento externa sem fios, semelhante \u00e0 que se encontra num carregador de telem\u00f3vel, permite que o dispositivo seja carregado e utilizado de forma independente.<\/p>\n<p>&#8220;A bateria incorporada \u00e9 um passo muito importante. Conseguir um fornecimento de energia sustentado e uma utiliza\u00e7\u00e3o a longo prazo \u00e9 uma considera\u00e7\u00e3o fundamental para aplicar esta tecnologia ao corpo humano&#8221;, afirmou Zhang Xu, neurocientista e acad\u00e9mico da Academia Chinesa de Ci\u00eancias.<\/p>\n<p>Um m\u00eas e meio ap\u00f3s a cirurgia, o paciente pode controlar dispositivos dom\u00e9sticos inteligentes, navegar na Internet, jogar videojogos e utilizar uma cadeira de rodas.<\/p>\n<p>Outros ensaios cl\u00ednicos de ICC<\/p>\n<p>Os especialistas afirmam que dispositivos como este podem transformar a vida de milh\u00f5es de pessoas em todo o mundo que vivem com paralisia. O implante<a href=\"https:\/\/www.euronews.com\/health\/2025\/12\/04\/elon-musks-neuralink-says-its-brain-chip-can-now-help-people-move-robotic-limbs\" rel=\"nofollow noopener\" target=\"_blank\">Neuralink de Elon Musk \u00e9 provavelmente o mais conhecido.<\/p>\n<p>Num v\u00eddeo publicado na rede social X, Rocky Stoutenburgh, doente do Neuralink &#8211; que ficou paralisado em 2006 &#8211; demonstrou a sua capacidade de mover um bra\u00e7o rob\u00f3tico usando a mente, levando o membro ao seu rosto e beijando-o.<\/p>\n<p>&#8220;Os participantes nos nossos ensaios cl\u00ednicos alargaram o controlo digital por computador a dispositivos f\u00edsicos, como bra\u00e7os rob\u00f3ticos de assist\u00eancia&#8221;, afirmou a Neuralink no X, que tamb\u00e9m \u00e9 propriedade de Musk.<\/p>\n<p>&#8220;Com o tempo, planeamos expandir a gama de dispositivos control\u00e1veis atrav\u00e9s do Neuralink&#8221;.<\/p>\n<p>Musk disse que mais de 10 mil pessoas se inscreveram no registo de doentes da Neuralink, na esperan\u00e7a de participar em ensaios para o dispositivo.<\/p>\n","protected":false},"excerpt":{"rendered":"De&amp;nbspTheo Farrant&amp;nbsp&amp;&amp;nbspAP Publicado a 18\/12\/2025 &#8211; 15:36 GMT+1 Um homem de 28 anos, paralisado por uma les\u00e3o medular&hellip;\n","protected":false},"author":2,"featured_media":193484,"comment_status":"","ping_status":"","sticky":false,"template":"","format":"standard","meta":{"footnotes":""},"categories":[84],"tags":[4288,358,109,107,108,32,33,105,103,104,106,110],"class_list":{"0":"post-193483","1":"post","2":"type-post","3":"status-publish","4":"format-standard","5":"has-post-thumbnail","7":"category-ciencia-e-tecnologia","8":"tag-cerebro","9":"tag-china","10":"tag-ciencia","11":"tag-ciencia-e-tecnologia","12":"tag-cienciaetecnologia","13":"tag-portugal","14":"tag-pt","15":"tag-science","16":"tag-science-and-technology","17":"tag-scienceandtechnology","18":"tag-technology","19":"tag-tecnologia"},"share_on_mastodon":{"url":"https:\/\/pubeurope.com\/@pt\/115741458632792186","error":""},"_links":{"self":[{"href":"https:\/\/www.europesays.com\/pt\/wp-json\/wp\/v2\/posts\/193483","targetHints":{"allow":["GET"]}}],"collection":[{"href":"https:\/\/www.europesays.com\/pt\/wp-json\/wp\/v2\/posts"}],"about":[{"href":"https:\/\/www.europesays.com\/pt\/wp-json\/wp\/v2\/types\/post"}],"author":[{"embeddable":true,"href":"https:\/\/www.europesays.com\/pt\/wp-json\/wp\/v2\/users\/2"}],"replies":[{"embeddable":true,"href":"https:\/\/www.europesays.com\/pt\/wp-json\/wp\/v2\/comments?post=193483"}],"version-history":[{"count":0,"href":"https:\/\/www.europesays.com\/pt\/wp-json\/wp\/v2\/posts\/193483\/revisions"}],"wp:featuredmedia":[{"embeddable":true,"href":"https:\/\/www.europesays.com\/pt\/wp-json\/wp\/v2\/media\/193484"}],"wp:attachment":[{"href":"https:\/\/www.europesays.com\/pt\/wp-json\/wp\/v2\/media?parent=193483"}],"wp:term":[{"taxonomy":"category","embeddable":true,"href":"https:\/\/www.europesays.com\/pt\/wp-json\/wp\/v2\/categories?post=193483"},{"taxonomy":"post_tag","embeddable":true,"href":"https:\/\/www.europesays.com\/pt\/wp-json\/wp\/v2\/tags?post=193483"}],"curies":[{"name":"wp","href":"https:\/\/api.w.org\/{rel}","templated":true}]}}