{"id":193485,"date":"2025-12-18T16:16:10","date_gmt":"2025-12-18T16:16:10","guid":{"rendered":"https:\/\/www.europesays.com\/pt\/193485\/"},"modified":"2025-12-18T16:16:10","modified_gmt":"2025-12-18T16:16:10","slug":"marcelo-assinala-dia-dos-migrantes-portugal-so-e-o-que-e-por-ter-nascido-feito-de-migracoes","status":"publish","type":"post","link":"https:\/\/www.europesays.com\/pt\/193485\/","title":{"rendered":"Marcelo assinala Dia dos Migrantes. &#8220;Portugal s\u00f3 \u00e9 o que \u00e9 por ter nascido feito de migra\u00e7\u00f5es&#8221;"},"content":{"rendered":"<p>&#13;<br \/>\nO presidente da Rep\u00fablica sustentou esta quinta-feira que &#8220;Portugal \u00e9 um pa\u00eds de emigra\u00e7\u00e3o e de imigra\u00e7\u00e3o&#8221;, enfatizando que os migrantes protagonizam &#8220;pap\u00e9is cr\u00edticos nos mercados de trabalho&#8221;, al\u00e9m de potenciarem &#8220;a inova\u00e7\u00e3o e o empreendedorismo&#8221;.<\/p>\n<p>Em mensagem divulgada no portal da Presid\u00eancia, por ocasi\u00e3o do Dia Internacional dos Migrantes, <b>Marcelo Rebelo de Sousa enfatiza que &#8220;as migra\u00e7\u00f5es fazem parte do nosso passado&#8221;<\/b>.<\/p>\n<p>&#8220;Vivemo-las no momento presente e ir\u00e3o continuar a marcar o nosso futuro e o Dia que hoje se assinala d\u00e1-nos uma oportunidade especial para destacar as contribui\u00e7\u00f5es inestim\u00e1veis de milh\u00f5es de migrantes em todo o mundo&#8221;, escreve o chefe de Estado.&#8221;Os migrantes desempenham pap\u00e9is cr\u00edticos nos mercados de trabalho, preenchendo lacunas de compet\u00eancias, impulsionando a inova\u00e7\u00e3o e o empreendedorismo e enfrentando os desafios demogr\u00e1ficos em sociedades envelhecidas&#8221;. &#13;\n<\/p>\n<p>&#13;<br \/>\n<b>&#8220;Os migrantes impulsionam o crescimento econ\u00f3mico e proporcionam mais desenvolvimento \u00e0s comunidades nos seus pa\u00edses de origem&#8221;<\/b>, l\u00ea-se na mesma <a href=\"https:\/\/www.presidencia.pt\/atualidade\/toda-a-atualidade\/2025\/12\/dia-internacional-dos-migrantes\/\" target=\"_blank\" rel=\"nofollow noopener\">mensagem<\/a>.&#13;\n<\/p>\n<p>&#13;<br \/>\nMarcelo afirma mesmo que <b>&#8220;Portugal s\u00f3 \u00e9 o que \u00e9 por ter nascido feito de migra\u00e7\u00f5es, vindas da Europa do Sul, do Leste, do Norte de \u00c1frica, da \u00c1sia, e, mais tarde, das Am\u00e9ricas&#8221;<\/b>. &#13;\n<\/p>\n<p>&#13;<br \/>\n&#8220;No nosso ADN, na nossa l\u00edngua, na nossa cultura, essas marcas est\u00e3o presentes, h\u00e1 mais de oito s\u00e9culos, e estar\u00e3o para sempre&#8221;, remata.&#13;<\/p>\n","protected":false},"excerpt":{"rendered":"&#13; O presidente da Rep\u00fablica sustentou esta quinta-feira que &#8220;Portugal \u00e9 um pa\u00eds de emigra\u00e7\u00e3o e de imigra\u00e7\u00e3o&#8221;,&hellip;\n","protected":false},"author":2,"featured_media":193486,"comment_status":"","ping_status":"","sticky":false,"template":"","format":"standard","meta":{"footnotes":""},"categories":[10],"tags":[27,28,5286,15,16,14,25,26,21,22,588,1961,2125,12,13,19,20,32,3281,23,24,33,21715,17,18,29,30,31],"class_list":{"0":"post-193485","1":"post","2":"type-post","3":"status-publish","4":"format-standard","5":"has-post-thumbnail","7":"category-portugal","8":"tag-breaking-news","9":"tag-breakingnews","10":"tag-dia","11":"tag-featured-news","12":"tag-featurednews","13":"tag-headlines","14":"tag-latest-news","15":"tag-latestnews","16":"tag-main-news","17":"tag-mainnews","18":"tag-marcelo-rebelo-de-sousa","19":"tag-migracoes","20":"tag-migrantes","21":"tag-news","22":"tag-noticias","23":"tag-noticias-principais","24":"tag-noticiasprincipais","25":"tag-portugal","26":"tag-presidente","27":"tag-principais-noticias","28":"tag-principaisnoticias","29":"tag-pt","30":"tag-republica","31":"tag-top-stories","32":"tag-topstories","33":"tag-ultimas","34":"tag-ultimas-noticias","35":"tag-ultimasnoticias"},"share_on_mastodon":{"url":"https:\/\/pubeurope.com\/@pt\/115741470642632034","error":""},"_links":{"self":[{"href":"https:\/\/www.europesays.com\/pt\/wp-json\/wp\/v2\/posts\/193485","targetHints":{"allow":["GET"]}}],"collection":[{"href":"https:\/\/www.europesays.com\/pt\/wp-json\/wp\/v2\/posts"}],"about":[{"href":"https:\/\/www.europesays.com\/pt\/wp-json\/wp\/v2\/types\/post"}],"author":[{"embeddable":true,"href":"https:\/\/www.europesays.com\/pt\/wp-json\/wp\/v2\/users\/2"}],"replies":[{"embeddable":true,"href":"https:\/\/www.europesays.com\/pt\/wp-json\/wp\/v2\/comments?post=193485"}],"version-history":[{"count":0,"href":"https:\/\/www.europesays.com\/pt\/wp-json\/wp\/v2\/posts\/193485\/revisions"}],"wp:featuredmedia":[{"embeddable":true,"href":"https:\/\/www.europesays.com\/pt\/wp-json\/wp\/v2\/media\/193486"}],"wp:attachment":[{"href":"https:\/\/www.europesays.com\/pt\/wp-json\/wp\/v2\/media?parent=193485"}],"wp:term":[{"taxonomy":"category","embeddable":true,"href":"https:\/\/www.europesays.com\/pt\/wp-json\/wp\/v2\/categories?post=193485"},{"taxonomy":"post_tag","embeddable":true,"href":"https:\/\/www.europesays.com\/pt\/wp-json\/wp\/v2\/tags?post=193485"}],"curies":[{"name":"wp","href":"https:\/\/api.w.org\/{rel}","templated":true}]}}