{"id":193491,"date":"2025-12-18T16:21:18","date_gmt":"2025-12-18T16:21:18","guid":{"rendered":"https:\/\/www.europesays.com\/pt\/193491\/"},"modified":"2025-12-18T16:21:18","modified_gmt":"2025-12-18T16:21:18","slug":"depois-de-discussao-com-leandro-fabio-revela-que-assistiu-a-tudo-no-confessionario-secret-story","status":"publish","type":"post","link":"https:\/\/www.europesays.com\/pt\/193491\/","title":{"rendered":"Depois de &#8220;discuss\u00e3o&#8221; com Leandro, F\u00e1bio revela que assistiu a tudo no confession\u00e1rio &#8211; Secret Story"},"content":{"rendered":"<p style=\"margin-bottom:11px\">No Secret Story 9, Liliana e Leandro aproveitaram um almo\u00e7o privado para colocar os pontos nos is. Longe dos restantes concorrentes, os dois abordaram as tens\u00f5es que t\u00eam marcado o ambiente da casa. Durante o momento, a Voz aproveitou para questionar como descreveriam a rela\u00e7\u00e3o que t\u00eam um com o outro. Depois de trocarem v\u00e1rias palavras positivas, os concorrentes saem do confession\u00e1rio a \u00abdiscutir\u00bb. Depois do momento, F\u00e1bio assumiu a Liliana que esteve no confession\u00e1rio a assistir a tudo.<\/p>\n<p><strong>J\u00e1 pode votar para salvar o seu concorrente favorito. Vote atrav\u00e9s da App TVI Reality ou das linhas telef\u00f3nicas.<\/strong><\/p>\n<p>VOTA\u00c7\u00c3O PARA SALVAR:<\/p>\n<p>F\u00c1BIO \u2013 761 20 20 08<\/p>\n<p>IN\u00caS \u2013 761 20 20 10<\/p>\n<p>PEDRO \u2013 761 20 20 18<\/p>\n<p><a href=\"https:\/\/tvi.iol.pt\/secretstory\/aominuto\" wbo-id=\"32\" rel=\"nofollow noopener\" target=\"_blank\">Acompanhe ao minuto, tudo o que se passa dentro da casa mais vigiada do Pa\u00eds.<\/a><\/p>\n","protected":false},"excerpt":{"rendered":"No Secret Story 9, Liliana e Leandro aproveitaram um almo\u00e7o privado para colocar os pontos nos is. Longe&hellip;\n","protected":false},"author":2,"featured_media":193492,"comment_status":"","ping_status":"","sticky":false,"template":"","format":"standard","meta":{"footnotes":""},"categories":[142],"tags":[114,115,19082,19033,19016,19034,32,33,151,19032],"class_list":{"0":"post-193491","1":"post","2":"type-post","3":"status-publish","4":"format-standard","5":"has-post-thumbnail","7":"category-tv","8":"tag-entertainment","9":"tag-entretenimento","10":"tag-fabio","11":"tag-galas-em-video","12":"tag-liliana","13":"tag-melhores-momentos-casa-dos-segredos","14":"tag-portugal","15":"tag-pt","16":"tag-tv","17":"tag-videos-secret-story-tvi"},"share_on_mastodon":{"url":"https:\/\/pubeurope.com\/@pt\/115741490109221101","error":""},"_links":{"self":[{"href":"https:\/\/www.europesays.com\/pt\/wp-json\/wp\/v2\/posts\/193491","targetHints":{"allow":["GET"]}}],"collection":[{"href":"https:\/\/www.europesays.com\/pt\/wp-json\/wp\/v2\/posts"}],"about":[{"href":"https:\/\/www.europesays.com\/pt\/wp-json\/wp\/v2\/types\/post"}],"author":[{"embeddable":true,"href":"https:\/\/www.europesays.com\/pt\/wp-json\/wp\/v2\/users\/2"}],"replies":[{"embeddable":true,"href":"https:\/\/www.europesays.com\/pt\/wp-json\/wp\/v2\/comments?post=193491"}],"version-history":[{"count":0,"href":"https:\/\/www.europesays.com\/pt\/wp-json\/wp\/v2\/posts\/193491\/revisions"}],"wp:featuredmedia":[{"embeddable":true,"href":"https:\/\/www.europesays.com\/pt\/wp-json\/wp\/v2\/media\/193492"}],"wp:attachment":[{"href":"https:\/\/www.europesays.com\/pt\/wp-json\/wp\/v2\/media?parent=193491"}],"wp:term":[{"taxonomy":"category","embeddable":true,"href":"https:\/\/www.europesays.com\/pt\/wp-json\/wp\/v2\/categories?post=193491"},{"taxonomy":"post_tag","embeddable":true,"href":"https:\/\/www.europesays.com\/pt\/wp-json\/wp\/v2\/tags?post=193491"}],"curies":[{"name":"wp","href":"https:\/\/api.w.org\/{rel}","templated":true}]}}