{"id":193503,"date":"2025-12-18T16:29:08","date_gmt":"2025-12-18T16:29:08","guid":{"rendered":"https:\/\/www.europesays.com\/pt\/193503\/"},"modified":"2025-12-18T16:29:08","modified_gmt":"2025-12-18T16:29:08","slug":"bce-deixa-juros-sem-mexidas-pela-quarta-vez-consecutiva","status":"publish","type":"post","link":"https:\/\/www.europesays.com\/pt\/193503\/","title":{"rendered":"BCE deixa juros sem mexidas pela quarta vez consecutiva"},"content":{"rendered":"<p>&#13;<br \/>\nO Banco Central Europeu decidiu esta quinta-feira manter inalterada a sua taxa diretora em dois por cento. A avalia\u00e7\u00e3o &#8220;corrobora que a infla\u00e7\u00e3o dever\u00e1 estabilizar no objetivo de dois por cento a m\u00e9dio prazo&#8221;.Esta \u00e9 a quarta reuni\u00e3o consecutiva do Conselho de Governadores que deixa as taxas de refer\u00eancia sem altera\u00e7\u00f5es.<\/p>\n<p>Segundo as estimativas do pr\u00f3prio BCE, divulgadas a par da decis\u00e3o sobre os juros,<b> a infla\u00e7\u00e3o global dever\u00e1 cifrar-se, em m\u00e9dia, em 2,1 por cento em 2025, 1,9 no pr\u00f3ximo ano, 1,8 em 2027 e dois por cento em 2028<\/b>.<\/p>\n<p>A decis\u00e3o agora selada significa que as taxas de juro aplic\u00e1veis \u00e0 facilidade permanente de dep\u00f3sito, \u00e0s opera\u00e7\u00f5es principais de refinanciamento e \u00e0 facilidade permanente de ced\u00eancia de liquidez v\u00e3o manter-se em dois por cento, 2,15 por cento e 2,40 por cento, respetivamente.<\/p>\n<p>O Banco Central Europeu procedeu tamb\u00e9m a um acerto em alta da previs\u00e3o de crescimento econ\u00f3mico da Zona euro para 1,4 por cento em 2025 e 1,2 em 2026.<br \/>&#13;<br \/>\n<b><br \/>&#13;<br \/>\n&#8220;O crescimento econ\u00f3mico dever\u00e1 ser mais forte do que o avan\u00e7ado nas proje\u00e7\u00f5es de setembro, sendo impulsionado principalmente pela procura interna&#8221;<\/b>, indica a institui\u00e7\u00e3o presidida por Christine Lagarde em comunicado. <\/p>\n<p>As previs\u00f5es apontam ainda para um crescimento de 1,4 por cento em 2027, valor que dever\u00e1 repetir-se no ano seguinte.<\/p>\n<p>c\/ ag\u00eancias<br \/>&#13;<\/p>\n","protected":false},"excerpt":{"rendered":"&#13; O Banco Central Europeu decidiu esta quinta-feira manter inalterada a sua taxa diretora em dois por cento.&hellip;\n","protected":false},"author":2,"featured_media":132715,"comment_status":"","ping_status":"","sticky":false,"template":"","format":"standard","meta":{"footnotes":""},"categories":[83],"tags":[99,1213,88,30068,89,90,1215,32,33,102,100],"class_list":{"0":"post-193503","1":"post","2":"type-post","3":"status-publish","4":"format-standard","5":"has-post-thumbnail","7":"category-empresas","8":"tag-banco-central-europeu","9":"tag-bce","10":"tag-business","11":"tag-diretoras","12":"tag-economy","13":"tag-empresas","14":"tag-inflacao","15":"tag-portugal","16":"tag-pt","17":"tag-referencia","18":"tag-taxas"},"share_on_mastodon":{"url":"https:\/\/pubeurope.com\/@pt\/115741521551161967","error":""},"_links":{"self":[{"href":"https:\/\/www.europesays.com\/pt\/wp-json\/wp\/v2\/posts\/193503","targetHints":{"allow":["GET"]}}],"collection":[{"href":"https:\/\/www.europesays.com\/pt\/wp-json\/wp\/v2\/posts"}],"about":[{"href":"https:\/\/www.europesays.com\/pt\/wp-json\/wp\/v2\/types\/post"}],"author":[{"embeddable":true,"href":"https:\/\/www.europesays.com\/pt\/wp-json\/wp\/v2\/users\/2"}],"replies":[{"embeddable":true,"href":"https:\/\/www.europesays.com\/pt\/wp-json\/wp\/v2\/comments?post=193503"}],"version-history":[{"count":0,"href":"https:\/\/www.europesays.com\/pt\/wp-json\/wp\/v2\/posts\/193503\/revisions"}],"wp:featuredmedia":[{"embeddable":true,"href":"https:\/\/www.europesays.com\/pt\/wp-json\/wp\/v2\/media\/132715"}],"wp:attachment":[{"href":"https:\/\/www.europesays.com\/pt\/wp-json\/wp\/v2\/media?parent=193503"}],"wp:term":[{"taxonomy":"category","embeddable":true,"href":"https:\/\/www.europesays.com\/pt\/wp-json\/wp\/v2\/categories?post=193503"},{"taxonomy":"post_tag","embeddable":true,"href":"https:\/\/www.europesays.com\/pt\/wp-json\/wp\/v2\/tags?post=193503"}],"curies":[{"name":"wp","href":"https:\/\/api.w.org\/{rel}","templated":true}]}}