{"id":193504,"date":"2025-12-18T16:31:14","date_gmt":"2025-12-18T16:31:14","guid":{"rendered":"https:\/\/www.europesays.com\/pt\/193504\/"},"modified":"2025-12-18T16:31:14","modified_gmt":"2025-12-18T16:31:14","slug":"taxista-vai-14-anos-e-nove-meses-para-a-cadeia-por-atropelar-jovem-de-guimaraes-na-passadeira","status":"publish","type":"post","link":"https:\/\/www.europesays.com\/pt\/193504\/","title":{"rendered":"Taxista vai 14 anos e nove meses para a cadeia por atropelar jovem de Guimar\u00e3es na passadeira"},"content":{"rendered":"<p data-remotead-prev-elm=\"true\" data-remotead-elm-id=\"inread\">Afonso Gon\u00e7alves foi atropelado, em cima da passadeira, num momento em que o sinal estava verde para os pe\u00f5es, num cruzamento da Avenida dos Estados Unidos da Am\u00e9rica com a Avenida Rio de Janeiro, em Lisboa. O motorista, que depois viria a ser identificado como sendo o taxista Joel Franco, colocou-se em fuga. Esta quinta-feira, no Tribunal Central Criminal de Lisboa, o coletivo de ju\u00edzes condenou-o, pelos tr\u00eas crimes de que estava acusado, a 14 anos e nove meses de pris\u00e3o:  12 anos por homic\u00eddio simples, dois anos e nove meses por condu\u00e7\u00e3o perigosa e um ano e nove meses por omiss\u00e3o de aux\u00edlio.<\/p>\n<p>A fam\u00edlia e o advogado de Afonso Gon\u00e7alves, de 21 anos, est\u00e3o a analisar o ac\u00f3rd\u00e3o, de que ainda s\u00f3 conhecem a s\u00famula, para decidir se v\u00e3o recorrer. Paulo Gon\u00e7alves, o pai do jovem atropelado, tem dificuldade em avaliar se a senten\u00e7a foi ajustada. &#8220;A maior pena foi aquela a que n\u00f3s [a fam\u00edlia] fomos sujeitos, uma condena\u00e7\u00e3o perp\u00e9tua&#8221;, avaliou. &#8220;Se isso me trouxesse o Afonso de volta, de bom grado cumpriria eu esta pena&#8221;, acrescentou. Joel Franco foi detido 48 horas depois de atropelar e projetar o jovem universit\u00e1rio vimaranense, 17 metros pelo ar. Afonso viria a morrer pouco depois no Hospital de S\u00e3o Jos\u00e9. O taxista justificou-se por n\u00e3o ter prestado aux\u00edlio com o facto de estar a sair de um longo turno e de estar aflito para ir \u00e0 casa de banho.<\/p>\n<p>Em setembro de 2024, Joel Franco, de 48 anos, estava em liberdade condicional, por uma condena\u00e7\u00e3o de tr\u00eas anos e dez meses, relativa a abuso sexual sobre uma crian\u00e7a, sucedido em 2018. Do cadastro do taxista constam outros crimes: ofensa por neglig\u00eancia e omiss\u00e3o de aux\u00edlio, posse de arma proibida e ofensas \u00e0 integridade f\u00edsica e especula\u00e7\u00e3o. Ficou a saber-se que, em 2020, Joel Franco j\u00e1 tinha colhido mortalmente outro pe\u00e3o, embora nessa altura tenha sido absolvido.<\/p>\n<p>Peti\u00e7\u00e3o para agravar o crime<\/p>\n<p data-remotead-prev-elm=\"true\" data-remotead-elm-id=\"centro1\">Para que os crimes de atropelamento com fuga e omiss\u00e3o de aux\u00edlio n\u00e3o possam acabar com pena suspensa (o que por vezes acontece), a fam\u00edlia de Afonso Gon\u00e7alves colocou em marcha uma peti\u00e7\u00e3o para agravar a moldura penal para estes crimes. O documento j\u00e1 reuniu mais de 16 mil assinaturas e at\u00e9 j\u00e1 foi informalmente apresentado ao presidente da Assembleia da Rep\u00fablica, Jos\u00e9 Pedro Aguiar-Branco. &#8220;Vamos entregar oficialmente na AR, em janeiro. N\u00e3o o quisemos fazer antes para n\u00e3o ser visto como uma press\u00e3o sobre os ju\u00edzes no caso do Afonso&#8221;, referiu Paulo Gon\u00e7alves.<\/p>\n<p>A fam\u00edlia de Afonso procura voltar \u00e0 normalidade poss\u00edvel, &#8220;at\u00e9 porque temos outro filho de 17 anos que temos de ajudar&#8221;. Como o Natal \u00e0 porta, Paulo Gon\u00e7alves lamenta que &#8220;daqui at\u00e9 ao fim dos meus dias haver\u00e1 sempre uma cadeira vazia na mesa da ceia familiar&#8221;.<\/p>\n","protected":false},"excerpt":{"rendered":"Afonso Gon\u00e7alves foi atropelado, em cima da passadeira, num momento em que o sinal estava verde para os&hellip;\n","protected":false},"author":2,"featured_media":193505,"comment_status":"","ping_status":"","sticky":false,"template":"","format":"standard","meta":{"footnotes":""},"categories":[10],"tags":[23411,27,28,15,16,14,603,25,26,21,22,12,13,19,20,22705,32,23,24,33,17,18,29,30,31],"class_list":{"0":"post-193504","1":"post","2":"type-post","3":"status-publish","4":"format-standard","5":"has-post-thumbnail","7":"category-portugal","8":"tag-atropelamento-mortal","9":"tag-breaking-news","10":"tag-breakingnews","11":"tag-featured-news","12":"tag-featurednews","13":"tag-headlines","14":"tag-justica","15":"tag-latest-news","16":"tag-latestnews","17":"tag-main-news","18":"tag-mainnews","19":"tag-news","20":"tag-noticias","21":"tag-noticias-principais","22":"tag-noticiasprincipais","23":"tag-passadeira","24":"tag-portugal","25":"tag-principais-noticias","26":"tag-principaisnoticias","27":"tag-pt","28":"tag-top-stories","29":"tag-topstories","30":"tag-ultimas","31":"tag-ultimas-noticias","32":"tag-ultimasnoticias"},"share_on_mastodon":{"url":"https:\/\/pubeurope.com\/@pt\/115741529776322172","error":""},"_links":{"self":[{"href":"https:\/\/www.europesays.com\/pt\/wp-json\/wp\/v2\/posts\/193504","targetHints":{"allow":["GET"]}}],"collection":[{"href":"https:\/\/www.europesays.com\/pt\/wp-json\/wp\/v2\/posts"}],"about":[{"href":"https:\/\/www.europesays.com\/pt\/wp-json\/wp\/v2\/types\/post"}],"author":[{"embeddable":true,"href":"https:\/\/www.europesays.com\/pt\/wp-json\/wp\/v2\/users\/2"}],"replies":[{"embeddable":true,"href":"https:\/\/www.europesays.com\/pt\/wp-json\/wp\/v2\/comments?post=193504"}],"version-history":[{"count":0,"href":"https:\/\/www.europesays.com\/pt\/wp-json\/wp\/v2\/posts\/193504\/revisions"}],"wp:featuredmedia":[{"embeddable":true,"href":"https:\/\/www.europesays.com\/pt\/wp-json\/wp\/v2\/media\/193505"}],"wp:attachment":[{"href":"https:\/\/www.europesays.com\/pt\/wp-json\/wp\/v2\/media?parent=193504"}],"wp:term":[{"taxonomy":"category","embeddable":true,"href":"https:\/\/www.europesays.com\/pt\/wp-json\/wp\/v2\/categories?post=193504"},{"taxonomy":"post_tag","embeddable":true,"href":"https:\/\/www.europesays.com\/pt\/wp-json\/wp\/v2\/tags?post=193504"}],"curies":[{"name":"wp","href":"https:\/\/api.w.org\/{rel}","templated":true}]}}