{"id":193514,"date":"2025-12-18T16:39:09","date_gmt":"2025-12-18T16:39:09","guid":{"rendered":"https:\/\/www.europesays.com\/pt\/193514\/"},"modified":"2025-12-18T16:39:09","modified_gmt":"2025-12-18T16:39:09","slug":"video-segredo-da-vitoria-do-psg-na-intercontinental-esteve-numa-toalha","status":"publish","type":"post","link":"https:\/\/www.europesays.com\/pt\/193514\/","title":{"rendered":"V\u00cdDEO: segredo da vit\u00f3ria do PSG na Intercontinental esteve numa toalha"},"content":{"rendered":"<p>O Paris Saint-Germain conquistou a <a href=\"https:\/\/maisfutebol.iol.pt\/psg\/flamengo\/video-psg-vence-flamengo-nos-penaltis-e-conquista-intercontinental\" rel=\"nofollow noopener\" target=\"_blank\">\u00faltima edi\u00e7\u00e3o da Ta\u00e7a Intercontinental<\/a>, na passada quarta-feira, no Qatar, com uma vit\u00f3ria sobre o Flamengo no desempate por pen\u00e1ltis (1-1, 2-1 ap), em que Matvei Safonov foi o grande her\u00f3i da equipa parisiense. Um olhar mais atento permitiu perceber o segredo do guarda-redes russo para defender quatro dos pen\u00e1ltis marcados pela equipa brasileira.<\/p>\n<p>\u00c9 normal, em circunst\u00e2ncias de grandes penalidades, os guarda-redes receberem informa\u00e7\u00f5es da equipa t\u00e9cnica sobre a forma como os advers\u00e1rios rematam desde a marca dos onze metros. Indica\u00e7\u00f5es que depois levam para junto da baliza, num bloco de notas ou coladas numa garrafa de \u00e1gua, mas Safonov recorreu a um m\u00e9todo diferente.<\/p>\n<p>O guarda-redes russo levou uma \u00abc\u00e1bula\u00bb colada numa toalha que foi consultando antes de cada um dos pen\u00e1ltis dos brasileiros. Uma c\u00e1bula elaborada, com fotografias dos jogadores do Flamengo acompanhadas com os dados espec\u00edficos sobre cada um deles, nomeadamente o lado com que costuma rematar com maior frequ\u00eancia.<\/p>\n<p>A verdade \u00e9 que Safonov defendeu os pontap\u00e9s de Sa\u00fal, Pedro, L\u00e9o Pereira e Ara\u00fajo e permitiu ao PSG levar mais um trof\u00e9u para casa.<\/p>\n<p><strong>Ora veja:<\/strong><\/p>\n","protected":false},"excerpt":{"rendered":"O Paris Saint-Germain conquistou a \u00faltima edi\u00e7\u00e3o da Ta\u00e7a Intercontinental, na passada quarta-feira, no Qatar, com uma vit\u00f3ria&hellip;\n","protected":false},"author":2,"featured_media":193515,"comment_status":"","ping_status":"","sticky":false,"template":"","format":"standard","meta":{"footnotes":""},"categories":[87],"tags":[38817,135,2460,4238,82,46,38814,8375,38815,32,1758,33,47,38813,134,37944,38816],"class_list":{"0":"post-193514","1":"post","2":"type-post","3":"status-publish","4":"format-standard","5":"has-post-thumbnail","7":"category-desporto","8":"tag-cabula","9":"tag-desporto","10":"tag-flamengo","11":"tag-incrivel","12":"tag-internacional","13":"tag-maisfutebol","14":"tag-matvei-safonov","15":"tag-paris-saint-germain","16":"tag-penaltis","17":"tag-portugal","18":"tag-psg","19":"tag-pt","20":"tag-pura-paixao","21":"tag-safonov","22":"tag-sports","23":"tag-taca-intercontinental","24":"tag-toalha"},"share_on_mastodon":{"url":"https:\/\/pubeurope.com\/@pt\/115741560997488378","error":""},"_links":{"self":[{"href":"https:\/\/www.europesays.com\/pt\/wp-json\/wp\/v2\/posts\/193514","targetHints":{"allow":["GET"]}}],"collection":[{"href":"https:\/\/www.europesays.com\/pt\/wp-json\/wp\/v2\/posts"}],"about":[{"href":"https:\/\/www.europesays.com\/pt\/wp-json\/wp\/v2\/types\/post"}],"author":[{"embeddable":true,"href":"https:\/\/www.europesays.com\/pt\/wp-json\/wp\/v2\/users\/2"}],"replies":[{"embeddable":true,"href":"https:\/\/www.europesays.com\/pt\/wp-json\/wp\/v2\/comments?post=193514"}],"version-history":[{"count":0,"href":"https:\/\/www.europesays.com\/pt\/wp-json\/wp\/v2\/posts\/193514\/revisions"}],"wp:featuredmedia":[{"embeddable":true,"href":"https:\/\/www.europesays.com\/pt\/wp-json\/wp\/v2\/media\/193515"}],"wp:attachment":[{"href":"https:\/\/www.europesays.com\/pt\/wp-json\/wp\/v2\/media?parent=193514"}],"wp:term":[{"taxonomy":"category","embeddable":true,"href":"https:\/\/www.europesays.com\/pt\/wp-json\/wp\/v2\/categories?post=193514"},{"taxonomy":"post_tag","embeddable":true,"href":"https:\/\/www.europesays.com\/pt\/wp-json\/wp\/v2\/tags?post=193514"}],"curies":[{"name":"wp","href":"https:\/\/api.w.org\/{rel}","templated":true}]}}