{"id":193542,"date":"2025-12-18T16:58:15","date_gmt":"2025-12-18T16:58:15","guid":{"rendered":"https:\/\/www.europesays.com\/pt\/193542\/"},"modified":"2025-12-18T16:58:15","modified_gmt":"2025-12-18T16:58:15","slug":"marco-costa-faz-emotivo-desabafo-sobre-funcionario-nunca-me-abandonou","status":"publish","type":"post","link":"https:\/\/www.europesays.com\/pt\/193542\/","title":{"rendered":"Marco Costa faz emotivo desabafo sobre funcion\u00e1rio: &#8220;Nunca me abandonou&#8221;"},"content":{"rendered":"<p>Marco Costa, de 35 anos, vive uma das \u00e9pocas de trabalho mais intensas do ano. Dono da f\u00e1brica e loja de pastelaria &#8220;Receitas Com Segredo&#8221;, \u00e9 na altura de Natal e Ano Novo que surgem mais encomendas e um enorme volume de trabalho.\u00a0<\/p>\n<p>A viver com grande intensidade o seu alucinante ritmo de trabalho, o famoso pasteleiro e antigo concorrente do &#8220;Secret Story&#8221; recorreu \u00e0s redes sociais para apresentar aos seguidores um dos seus bra\u00e7os direitos: o funcion\u00e1rio Joel.\u00a0\u00a0<\/p>\n<p>&#8220;Um brinde ao meu Joel. O que lhe falta em talento, compensa com lealdade. N\u00e3o \u00e9 o Cristiano da Pastelaria, mas \u00e9 aquele que n\u00e3o me falha mesmo quando os meus bra\u00e7os me querem falhar&#8221;, come\u00e7ou por referir.\u00a0<\/p>\n<p>&#8220;Lealdade e compromisso s\u00e3o os valores que me definem! Em dois anos e meio comigo j\u00e1 devia saber muito mais. Mas tamb\u00e9m, nesse mesmo tempo, nunca faltou. Nunca chegou atrasado e, acima de tudo, nunca me abandonou a meio! N\u00e3o podemos ser todos craques, mas numa equipa todos podemos ser craques na nossa fun\u00e7\u00e3o e tu sem d\u00favida \u00e9s&#8221;, continuou, dando conta de que tem sentido nos \u00faltimos dias fortes dores musculares que o levam a necessitar de mais ajuda a n\u00edvel profissional.\u00a0<\/p>\n<p>&#8220;N\u00e3o vais ver isto, pois n\u00e3o tens redes sociais, mas hoje, que as dores no bra\u00e7o tomam conta de mim, quis que quem me segue saiba que quando os meus bra\u00e7os falharem tenho os do Joel atr\u00e1s para me ajudar a continuar&#8221;, completou.\u00a0<\/p>\n<p> <img loading=\"lazy\" decoding=\"async\" src=\"https:\/\/www.europesays.com\/pt\/wp-content\/uploads\/2025\/12\/naom_6943e499602e1.jpg\" border=\"0\" alt=\"Not\u00edcias ao Minuto\" width=\"599\" height=\"1062\"\/> <br \/>\u00a9 Reprodu\u00e7\u00e3o Instagram &#8211; Marco Costa \u00a0<\/p>\n<p>                                                    <img decoding=\"async\" src=\"https:\/\/www.europesays.com\/pt\/wp-content\/uploads\/2025\/12\/naom_68a05cc5475aa.jpg\" border=\"0\" alt=\"Marco Costa sobre a paternidade: \"\/><\/p>\n<p>Marco Costa, famoso pasteleiro e ex-concorrente do &#8220;Secret Story&#8221;, falou sobre a sua experi\u00eancia como pai durante a participa\u00e7\u00e3o no programa &#8220;Dois \u00e0s 10&#8221;, da TVI. O pasteleiro explicou que \u00e9 um pai babado mas n\u00e3o demasiado permissivo.\u00a0\u00a0<\/p>\n<p>                                                     Not\u00edcias ao Minuto | 23:00 &#8211; 16\/12\/2025 <\/p>\n","protected":false},"excerpt":{"rendered":"Marco Costa, de 35 anos, vive uma das \u00e9pocas de trabalho mais intensas do ano. Dono da f\u00e1brica&hellip;\n","protected":false},"author":2,"featured_media":193543,"comment_status":"","ping_status":"","sticky":false,"template":"","format":"standard","meta":{"footnotes":""},"categories":[83],"tags":[88,89,90,32,33],"class_list":{"0":"post-193542","1":"post","2":"type-post","3":"status-publish","4":"format-standard","5":"has-post-thumbnail","7":"category-empresas","8":"tag-business","9":"tag-economy","10":"tag-empresas","11":"tag-portugal","12":"tag-pt"},"share_on_mastodon":{"url":"https:\/\/pubeurope.com\/@pt\/115741635892394763","error":""},"_links":{"self":[{"href":"https:\/\/www.europesays.com\/pt\/wp-json\/wp\/v2\/posts\/193542","targetHints":{"allow":["GET"]}}],"collection":[{"href":"https:\/\/www.europesays.com\/pt\/wp-json\/wp\/v2\/posts"}],"about":[{"href":"https:\/\/www.europesays.com\/pt\/wp-json\/wp\/v2\/types\/post"}],"author":[{"embeddable":true,"href":"https:\/\/www.europesays.com\/pt\/wp-json\/wp\/v2\/users\/2"}],"replies":[{"embeddable":true,"href":"https:\/\/www.europesays.com\/pt\/wp-json\/wp\/v2\/comments?post=193542"}],"version-history":[{"count":0,"href":"https:\/\/www.europesays.com\/pt\/wp-json\/wp\/v2\/posts\/193542\/revisions"}],"wp:featuredmedia":[{"embeddable":true,"href":"https:\/\/www.europesays.com\/pt\/wp-json\/wp\/v2\/media\/193543"}],"wp:attachment":[{"href":"https:\/\/www.europesays.com\/pt\/wp-json\/wp\/v2\/media?parent=193542"}],"wp:term":[{"taxonomy":"category","embeddable":true,"href":"https:\/\/www.europesays.com\/pt\/wp-json\/wp\/v2\/categories?post=193542"},{"taxonomy":"post_tag","embeddable":true,"href":"https:\/\/www.europesays.com\/pt\/wp-json\/wp\/v2\/tags?post=193542"}],"curies":[{"name":"wp","href":"https:\/\/api.w.org\/{rel}","templated":true}]}}