{"id":193550,"date":"2025-12-18T17:05:10","date_gmt":"2025-12-18T17:05:10","guid":{"rendered":"https:\/\/www.europesays.com\/pt\/193550\/"},"modified":"2025-12-18T17:05:10","modified_gmt":"2025-12-18T17:05:10","slug":"filha-de-carlos-areia-comenta-relacao-do-pai-com-rosa-bela-marcada-por-47-anos-de-diferenca-nunca-pensei-secret-story","status":"publish","type":"post","link":"https:\/\/www.europesays.com\/pt\/193550\/","title":{"rendered":"Filha de Carlos Areia comenta rela\u00e7\u00e3o do pai com Rosa Bela, marcada por 47 anos de diferen\u00e7a: \u00abNunca pensei\u00bb &#8211; Secret Story"},"content":{"rendered":"<p>                            Rosa Bela celebrou 34 anos com homenagem especial de Cristina Areia, filha do marido. <\/p>\n<p data-end=\"358\" data-start=\"159\"><a href=\"https:\/\/tvi.iol.pt\/secretstory\/rosa-bela\/carlos-areia\/rosa-bela-revela-o-que-se-passou-com-carlos-areia-e-atualiza-estado-de-saude-esta-internado\" rel=\"nofollow noopener\" target=\"_blank\">Rosa Bela<\/a> celebrou o seu anivers\u00e1rio nesta quarta-feira, 17 de dezembro, completando 34 anos de vida, menos 47 do que o marido. Nas redes sociais, a atriz tem recebido v\u00e1rias mensagens de carinho de f\u00e3s, amigos e familiares.<strong> Entre as homenagens, destacou-se a de Cristina Areia, filha de Carlos Areia, <\/strong>que recorreu \u00e0 sua conta de Instagram para partilhar uma sequ\u00eancia de fotos com a companheira do pai e lhe dedicar uma mensagem emotiva.<\/p>\n<p data-end=\"912\" data-start=\"577\">\u00abParab\u00e9ns, meu amor. Hoje celebro muito mais do que o teu anivers\u00e1rio. Celebro a mulher incr\u00edvel que \u00e9s, <strong>a for\u00e7a tranquila que caminha ao lado do meu pai<\/strong> e que, quando \u00e9 preciso, o leva \u201cao colo\u201d com um amor imenso. \u00c9s o maior apoio dele, quem lhe devolve o sorriso mais bonito, mesmo nos dias mais dif\u00edceis\u00bb, come\u00e7ou por escrever.<\/p>\n<p data-end=\"1323\" data-start=\"914\">Cristina Areia sublinhou ainda a amizade que encontrou em Rosa Bela: \u00ab\u00c9s tamb\u00e9m a \u201ccola\u201d que nos mant\u00e9m juntos, que acredita na fam\u00edlia e faz tudo para a ver unida \u2014 essa fam\u00edlia que amas de cora\u00e7\u00e3o cheio. N<strong>unca pensei encontrar em ti n\u00e3o s\u00f3 isso tudo, mas tamb\u00e9m uma grande amiga, uma confidente, uma inspira\u00e7\u00e3o.<\/strong> (\u2026) Obrigada por seres quem \u00e9s. Estarei sempre aqui para ti, sempre. At\u00e9 ao fim do mundo\u00bb.<\/p>\n<p data-end=\"1512\" data-start=\"1325\">De recordar que Carlos Areia se encontra internado ap\u00f3s ter partido o tornozelo na sequ\u00eancia de uma queda, informa\u00e7\u00e3o que foi partilhada pela pr\u00f3pria Rosa Bela atrav\u00e9s de um comunicado.<\/p>\n<p data-end=\"1512\" data-start=\"1325\"><a href=\"https:\/\/www.instagram.com\/p\/DSWtzDFDI1W\/?img_index=1\" rel=\"nofollow noopener\" target=\"_blank\">Veja aqui a dedicat\u00f3ria<\/a>.<\/p>\n<p data-end=\"1512\" data-start=\"1325\">\u00a0<\/p>\n<p>Recorde tudo o que aconteceu ao ator&#8230; <\/p>\n<p>Rosa Bela recorreu \u00e0s redes sociais para revelar o que aconteceu com o marido, Carlos Areia, e atualizar o seu estado de sa\u00fade num comunicado partilhado esta quinta-feira.\u00a0<\/p>\n<p>\u00abNa madrugada de sexta-feira, o Carlos escorregou devido ao piso molhado o que resultou numa fratura no tornozelo. Infelizmente, n\u00e3o foi poss\u00edvel contar com uma ambul\u00e2ncia dispon\u00edvel naquele momento, pelo que tivemos de o transportar no nosso carro at\u00e9 ao Hospital Garcia de Orta\u00bb, referiu.\u00a0<\/p>\n<p>A atriz e ex-concorrente do &#8216;Dilema&#8217; acrescentou: \u00abQueremos deixar um agradecimento muito especial a dois rapazes extraordin\u00e1rios que, num momento dif\u00edcil, nos ajudaram a coloc\u00e1-lo no carro com cuidado e humanidade. Nunca esqueceremos essa generosidade\u00bb.\u00a0<\/p>\n<blockquote class=\"instagram-media\" data-instgrm-captioned=\"\" data-instgrm-permalink=\"https:\/\/www.instagram.com\/p\/DSIX12kl8b0\/?utm_source=ig_embed&amp;utm_campaign=loading\" data-instgrm-version=\"14\" style=\" background:#FFF; border:0; border-radius:3px; box-shadow:0 0 1px 0 rgba(0,0,0,0.5),0 1px 10px 0 rgba(0,0,0,0.15); margin: 1px; max-width:540px; min-width:326px; padding:0; width:99.375%; width:-webkit-calc(100% - 2px); width:calc(100% - 2px);\">\n<\/blockquote>\n<p>\u00a0<\/p>\n<p>\u00abNo s\u00e1bado, o Carlos foi transferido novamente para o Hospital Garcia de Orta, onde se encontra atualmente internado e a ser acompanhado de forma exemplar pelo servi\u00e7o de ortopedia. Devido ao estado do tornozelo, a equipa m\u00e9dica mant\u00e9m vigil\u00e2ncia at\u00e9 que esteja totalmente apto para a cirurgia\u00bb, contou.\u00a0<\/p>\n<p>Rosa Bela disse ainda: \u00abO Carlos est\u00e1 bem, tranquilo, com o sentido de humor que t\u00e3o bem o caracteriza e como costumamos dizer em brincadeira, podia ter sido pior. Esse esp\u00edrito leve tem sido fundamental neste processo\u00bb.\u00a0<\/p>\n<p>\u00abAgradecemos profundamente toda a preocupa\u00e7\u00e3o, o carinho e todas as mensagens que temos recebido. Significam muito para n\u00f3s. Em breve, o Carlos estar\u00e1 em casa a recuperar, para voltar ao palco e a fazer o que mais ama\u00bb, rematou.\u00a0<\/p>\n<p>                        <script async src=\"\/\/www.instagram.com\/embed.js\"><\/script><\/p>\n","protected":false},"excerpt":{"rendered":"Rosa Bela celebrou 34 anos com homenagem especial de Cristina Areia, filha do marido. Rosa Bela celebrou o&hellip;\n","protected":false},"author":2,"featured_media":193551,"comment_status":"","ping_status":"","sticky":false,"template":"","format":"standard","meta":{"footnotes":""},"categories":[142],"tags":[18706,2657,114,115,18705,32,33,2656,151,18704],"class_list":{"0":"post-193550","1":"post","2":"type-post","3":"status-publish","4":"format-standard","5":"has-post-thumbnail","7":"category-tv","8":"tag-bastidores-secret-story","9":"tag-carlos-areia","10":"tag-entertainment","11":"tag-entretenimento","12":"tag-entrevistas-concorrentes-tvi","13":"tag-portugal","14":"tag-pt","15":"tag-rosa-bela","16":"tag-tv","17":"tag-vida-fora-da-casa"},"share_on_mastodon":{"url":"https:\/\/pubeurope.com\/@pt\/115741663081141943","error":""},"_links":{"self":[{"href":"https:\/\/www.europesays.com\/pt\/wp-json\/wp\/v2\/posts\/193550","targetHints":{"allow":["GET"]}}],"collection":[{"href":"https:\/\/www.europesays.com\/pt\/wp-json\/wp\/v2\/posts"}],"about":[{"href":"https:\/\/www.europesays.com\/pt\/wp-json\/wp\/v2\/types\/post"}],"author":[{"embeddable":true,"href":"https:\/\/www.europesays.com\/pt\/wp-json\/wp\/v2\/users\/2"}],"replies":[{"embeddable":true,"href":"https:\/\/www.europesays.com\/pt\/wp-json\/wp\/v2\/comments?post=193550"}],"version-history":[{"count":0,"href":"https:\/\/www.europesays.com\/pt\/wp-json\/wp\/v2\/posts\/193550\/revisions"}],"wp:featuredmedia":[{"embeddable":true,"href":"https:\/\/www.europesays.com\/pt\/wp-json\/wp\/v2\/media\/193551"}],"wp:attachment":[{"href":"https:\/\/www.europesays.com\/pt\/wp-json\/wp\/v2\/media?parent=193550"}],"wp:term":[{"taxonomy":"category","embeddable":true,"href":"https:\/\/www.europesays.com\/pt\/wp-json\/wp\/v2\/categories?post=193550"},{"taxonomy":"post_tag","embeddable":true,"href":"https:\/\/www.europesays.com\/pt\/wp-json\/wp\/v2\/tags?post=193550"}],"curies":[{"name":"wp","href":"https:\/\/api.w.org\/{rel}","templated":true}]}}