{"id":193592,"date":"2025-12-18T17:37:25","date_gmt":"2025-12-18T17:37:25","guid":{"rendered":"https:\/\/www.europesays.com\/pt\/193592\/"},"modified":"2025-12-18T17:37:25","modified_gmt":"2025-12-18T17:37:25","slug":"carlos-alcaraz-separa-se-do-treinador-que-o-levou-ate-ao-topo-do-tenis","status":"publish","type":"post","link":"https:\/\/www.europesays.com\/pt\/193592\/","title":{"rendered":"Carlos Alcaraz separa-se do treinador que o levou at\u00e9 ao topo do t\u00e9nis"},"content":{"rendered":"<p data-remotead-prev-elm=\"true\" data-remotead-elm-id=\"inread\">&#8220;\u00c9 muito dif\u00edcil para mim escrever este post&#8230; Ap\u00f3s mais de sete anos juntos, Juanki e eu decidimos p\u00f4r fim \u00e0 nossa etapa juntos como treinador e jogador&#8221;, escreveu o tenista espanhol, de 22 anos.<\/p>\n<p>Alcaraz agradeceu ao compatriota por &#8220;ter tornado os sonhos de crian\u00e7a em realidade&#8221;, lembrando um caminho que come\u00e7ou &#8220;quando era apenas um mi\u00fado&#8221; e que Ferrero o acompanhou &#8220;numa viagem incr\u00edvel, dentro e fora de campo&#8221;.<\/p>\n<p>&#8220;Conseguimos chegar l\u00e1 acima e sinto que, se os nossos caminhos desportivos se tinham de separar, devia ser l\u00e1 em cima. Desde o lugar pelo qual sempre trabalh\u00e1mos e ao qual sempre aspir\u00e1mos chegar&#8221;, afirmou.<\/p>\n<p data-remotead-prev-elm=\"true\" data-remotead-elm-id=\"centro1\">Alcaraz diz que s\u00e3o tantas mem\u00f3rias que &#8220;ficar apenas com uma n\u00e3o seria justo&#8221; e que Ferrero o fez &#8220;crescer como desportista, mas sobretudo como pessoa&#8221;.<\/p>\n<p>&#8220;Agora chegam tempos de mudan\u00e7a para os dois, novas aventuras e novos projetos. Mas tenho a certeza que nos defrontaremos da forma correta, dando o melhor de n\u00f3s, como sempre fizemos&#8221;, assegurou.<\/p>\n<p>Tamb\u00e9m nas redes sociais, Ferrero considerou que &#8220;hoje \u00e9 um dia dif\u00edcil&#8221;, pois &#8220;dizer adeus nunca \u00e9 f\u00e1cil, especialmente quando h\u00e1 tantas experi\u00eancias partilhadas&#8221;, garantindo que &#8220;um cap\u00edtulo muito importante&#8221; da sua vida chegou ao fim.<\/p>\n<p data-remotead-prev-elm=\"true\" data-remotead-elm-id=\"centro2\">&#8220;Vou ficar com o riso, os desafios superados, conversas, apoio durante momentos dif\u00edceis, e a satisfa\u00e7\u00e3o de ter feito parte de algo verdadeiramente \u00fanico. Obrigado Carlos, pela confian\u00e7a, pelo esfor\u00e7o, e por teres feito que a tua forma de competir me tenha feito sentir t\u00e3o especial&#8221;, referiu.<\/p>\n<p>Ao longo da ainda curta carreira, Alcaraz j\u00e1 venceu 24 t\u00edtulos ATP, entre os quais seis Grand Slam &#8211; Open dos EUA (2022 e 2025), Roland Garros (2024 e 2025) e Wimbledon (2023 e 2024) -, al\u00e9m de terminar duas vezes o ano (2022 e 2025) como n\u00famero um mundial, sempre comandado por Ferrero, tamb\u00e9m ele um antigo l\u00edder do ranking.<\/p>\n","protected":false},"excerpt":{"rendered":"&#8220;\u00c9 muito dif\u00edcil para mim escrever este post&#8230; Ap\u00f3s mais de sete anos juntos, Juanki e eu decidimos&hellip;\n","protected":false},"author":2,"featured_media":193593,"comment_status":"","ping_status":"","sticky":false,"template":"","format":"standard","meta":{"footnotes":""},"categories":[87],"tags":[11265,135,32,33,134,2349],"class_list":{"0":"post-193592","1":"post","2":"type-post","3":"status-publish","4":"format-standard","5":"has-post-thumbnail","7":"category-desporto","8":"tag-carlos-alcaraz","9":"tag-desporto","10":"tag-portugal","11":"tag-pt","12":"tag-sports","13":"tag-tenis"},"share_on_mastodon":{"url":"https:\/\/pubeurope.com\/@pt\/115741789091617204","error":""},"_links":{"self":[{"href":"https:\/\/www.europesays.com\/pt\/wp-json\/wp\/v2\/posts\/193592","targetHints":{"allow":["GET"]}}],"collection":[{"href":"https:\/\/www.europesays.com\/pt\/wp-json\/wp\/v2\/posts"}],"about":[{"href":"https:\/\/www.europesays.com\/pt\/wp-json\/wp\/v2\/types\/post"}],"author":[{"embeddable":true,"href":"https:\/\/www.europesays.com\/pt\/wp-json\/wp\/v2\/users\/2"}],"replies":[{"embeddable":true,"href":"https:\/\/www.europesays.com\/pt\/wp-json\/wp\/v2\/comments?post=193592"}],"version-history":[{"count":0,"href":"https:\/\/www.europesays.com\/pt\/wp-json\/wp\/v2\/posts\/193592\/revisions"}],"wp:featuredmedia":[{"embeddable":true,"href":"https:\/\/www.europesays.com\/pt\/wp-json\/wp\/v2\/media\/193593"}],"wp:attachment":[{"href":"https:\/\/www.europesays.com\/pt\/wp-json\/wp\/v2\/media?parent=193592"}],"wp:term":[{"taxonomy":"category","embeddable":true,"href":"https:\/\/www.europesays.com\/pt\/wp-json\/wp\/v2\/categories?post=193592"},{"taxonomy":"post_tag","embeddable":true,"href":"https:\/\/www.europesays.com\/pt\/wp-json\/wp\/v2\/tags?post=193592"}],"curies":[{"name":"wp","href":"https:\/\/api.w.org\/{rel}","templated":true}]}}