{"id":193598,"date":"2025-12-18T17:40:20","date_gmt":"2025-12-18T17:40:20","guid":{"rendered":"https:\/\/www.europesays.com\/pt\/193598\/"},"modified":"2025-12-18T17:40:20","modified_gmt":"2025-12-18T17:40:20","slug":"ativacao-da-autenticacao-de-dois-fatores-2fa-no-portal","status":"publish","type":"post","link":"https:\/\/www.europesays.com\/pt\/193598\/","title":{"rendered":"Ativa\u00e7\u00e3o da Autentica\u00e7\u00e3o de Dois Fatores (2FA) no Portal"},"content":{"rendered":"<p>Com o objetivo de refor\u00e7ar a seguran\u00e7a e a prote\u00e7\u00e3o dos dados pessoais dos seus utilizadores, o acesso ao <a target=\"_blank\" href=\"https:\/\/pplware.sapo.pt\/internet\/seguranca-social-autenticacao-de-dois-fatores-2fa-sera-obrigatoria\/\" rel=\"nofollow noopener\">Portal da Seguran\u00e7a Social com NISS e Palavra-Chave<\/a> passar\u00e1 a ser efetuado atrav\u00e9s da Autentica\u00e7\u00e3o de Dois Fatores (2FA).<\/p>\n<p><a target=\"_blank\" href=\"https:\/\/pplware.sapo.pt\/wp-content\/uploads\/2025\/08\/seguranca_social_00-1.jpg\" onclick=\"refreshIframe()\" class=\"foobox\" rel=\"nofollow noopener\"><img fetchpriority=\"high\" decoding=\"async\" src=\"https:\/\/www.europesays.com\/pt\/wp-content\/uploads\/2025\/08\/seguranca_social_00-1-720x405.jpg\" alt=\"\" width=\"720\" height=\"405\" class=\"aligncenter size-medium wp-image-1071691\"  \/><\/a><\/p>\n<p>A ativa\u00e7\u00e3o da 2FA ser\u00e1 obrigat\u00f3ria para os acessos n\u00e3o efetuados atrav\u00e9s de Chave M\u00f3vel Digital &#8211; um m\u00e9todo certificado pelo Estado portugu\u00eas que lhe permite aceder a v\u00e1rios portais p\u00fablicos ou privados e que, por si mesmo, j\u00e1 garante a seguran\u00e7a e prote\u00e7\u00e3o dos seus dados.<\/p>\n<p>Esta medida alinha o Portal da Seguran\u00e7a Social com as melhores pr\u00e1ticas internacionais de ciberseguran\u00e7a e visa garantir uma prote\u00e7\u00e3o robusta contra acessos n\u00e3o autorizados.<\/p>\n<p>O que \u00e9 a Autentica\u00e7\u00e3o de Dois Fatores (2FA)?<\/p>\n<p>A 2FA \u00e9 um m\u00e9todo de seguran\u00e7a que exige duas formas de verifica\u00e7\u00e3o para confirmar a identidade do utilizador antes de conceder o acesso. Em vez de depender apenas da sua Palavra-Chave (o primeiro fator), ser\u00e1 exigido um segundo fator, que \u00e9 um c\u00f3digo tempor\u00e1rio enviado para um dos seus contactos validados: telem\u00f3vel ou e-mail.<\/p>\n<p>Ative j\u00e1 e valide os seus contactos<\/p>\n<p>Para que a transi\u00e7\u00e3o seja suave e para evitar a interrup\u00e7\u00e3o do seu acesso ao Portal quando a obrigatoriedade entrar em vigor, a Seguran\u00e7a Social incentiva todos os utilizadores a ativarem j\u00e1 a 2FA.<\/p>\n<p>A ativa\u00e7\u00e3o pr\u00e9via permite que valide e confirme os seus contactos de seguran\u00e7a (e-mail e telem\u00f3vel) atempadamente, garantindo que est\u00e3o corretos e atualizados.<\/p>\n<p><strong>O processo \u00e9 simples e r\u00e1pido:<\/strong><\/p>\n<ul>\n<li>1. Aceda ao Portal da Seguran\u00e7a Social e autentique-se com o seu NISS e palavra-chave<\/li>\n<li>2. Siga as instru\u00e7\u00f5es que surgir\u00e3o no ecr\u00e3 para ativar a 2FA<\/li>\n<li>3. Confirme os seus contactos atuais (e-mail e telem\u00f3vel). Se os seus contactos estiverem desatualizados, aproveite para corrigi-los.<\/li>\n<\/ul>\n<p><a target=\"_blank\" href=\"https:\/\/pplware.sapo.pt\/wp-content\/uploads\/2025\/12\/image001-1.jpg\" onclick=\"refreshIframe()\" class=\"foobox\" rel=\"nofollow noopener\"><img loading=\"lazy\" decoding=\"async\" src=\"https:\/\/www.europesays.com\/pt\/wp-content\/uploads\/2025\/12\/image001-1-720x216.jpg\" alt=\"\" width=\"720\" height=\"216\" class=\"aligncenter size-medium wp-image-1094129\"  \/><\/a><\/p>\n<p>Se optar por avan\u00e7ar sem ativar o 2FA, poder\u00e1 faz\u00ea-lo da pr\u00f3xima vez que voltar a iniciar sess\u00e3o com o seu NISS e palavra-chave no Portal da Seguran\u00e7a Social.<\/p>\n<p>A Seguran\u00e7a Social reitera a import\u00e2ncia desta medida para a seguran\u00e7a de todos os cidad\u00e3os e apela \u00e0 colabora\u00e7\u00e3o de todos para que a ativa\u00e7\u00e3o da Autentica\u00e7\u00e3o de Dois Fatores seja feita o mais brevemente poss\u00edvel.<\/p>\n<p>O Pplware agradece \u00e0 Dra. Joana Vallera, Diretora de Departamento de Gest\u00e3o de Servi\u00e7os e Rela\u00e7\u00f5es Externas da Seguran\u00e7a Social pela elabora\u00e7\u00e3o do artigo.<\/p>\n","protected":false},"excerpt":{"rendered":"Com o objetivo de refor\u00e7ar a seguran\u00e7a e a prote\u00e7\u00e3o dos dados pessoais dos seus utilizadores, o acesso&hellip;\n","protected":false},"author":2,"featured_media":17242,"comment_status":"","ping_status":"","sticky":false,"template":"","format":"standard","meta":{"footnotes":""},"categories":[84],"tags":[38833,38834,109,107,108,32,33,105,103,104,106,110],"class_list":{"0":"post-193598","1":"post","2":"type-post","3":"status-publish","4":"format-standard","5":"has-post-thumbnail","7":"category-ciencia-e-tecnologia","8":"tag-2fa","9":"tag-autenticacao-de-dois-fatores","10":"tag-ciencia","11":"tag-ciencia-e-tecnologia","12":"tag-cienciaetecnologia","13":"tag-portugal","14":"tag-pt","15":"tag-science","16":"tag-science-and-technology","17":"tag-scienceandtechnology","18":"tag-technology","19":"tag-tecnologia"},"share_on_mastodon":{"url":"https:\/\/pubeurope.com\/@pt\/115741800988048990","error":""},"_links":{"self":[{"href":"https:\/\/www.europesays.com\/pt\/wp-json\/wp\/v2\/posts\/193598","targetHints":{"allow":["GET"]}}],"collection":[{"href":"https:\/\/www.europesays.com\/pt\/wp-json\/wp\/v2\/posts"}],"about":[{"href":"https:\/\/www.europesays.com\/pt\/wp-json\/wp\/v2\/types\/post"}],"author":[{"embeddable":true,"href":"https:\/\/www.europesays.com\/pt\/wp-json\/wp\/v2\/users\/2"}],"replies":[{"embeddable":true,"href":"https:\/\/www.europesays.com\/pt\/wp-json\/wp\/v2\/comments?post=193598"}],"version-history":[{"count":0,"href":"https:\/\/www.europesays.com\/pt\/wp-json\/wp\/v2\/posts\/193598\/revisions"}],"wp:featuredmedia":[{"embeddable":true,"href":"https:\/\/www.europesays.com\/pt\/wp-json\/wp\/v2\/media\/17242"}],"wp:attachment":[{"href":"https:\/\/www.europesays.com\/pt\/wp-json\/wp\/v2\/media?parent=193598"}],"wp:term":[{"taxonomy":"category","embeddable":true,"href":"https:\/\/www.europesays.com\/pt\/wp-json\/wp\/v2\/categories?post=193598"},{"taxonomy":"post_tag","embeddable":true,"href":"https:\/\/www.europesays.com\/pt\/wp-json\/wp\/v2\/tags?post=193598"}],"curies":[{"name":"wp","href":"https:\/\/api.w.org\/{rel}","templated":true}]}}