{"id":193599,"date":"2025-12-18T17:42:08","date_gmt":"2025-12-18T17:42:08","guid":{"rendered":"https:\/\/www.europesays.com\/pt\/193599\/"},"modified":"2025-12-18T17:42:08","modified_gmt":"2025-12-18T17:42:08","slug":"em-protesto-milhares-de-agricultores-ocupam-ruas-e-pracas-em-bruxelas-uniao-europeia","status":"publish","type":"post","link":"https:\/\/www.europesays.com\/pt\/193599\/","title":{"rendered":"Em protesto, milhares de agricultores ocupam ruas e pra\u00e7as em Bruxelas | Uni\u00e3o Europeia"},"content":{"rendered":"<p>Milhares de agricultores est\u00e3o a ocupar ruas e pra\u00e7as em Bruxelas desde as primeiras horas da manh\u00e3 esta quinta-feira como protesto contra a iminente ratifica\u00e7\u00e3o do acordo entre a Uni\u00e3o Europeia e o Mercosul e as mudan\u00e7as \u00e0 Pol\u00edtica Agr\u00edcola Comum (PAC).<\/p>\n<p>A pol\u00edcia recorreu a g\u00e1s lacrimog\u00e9neo e canh\u00f5es de \u00e1gua para dispersar uma multid\u00e3o de manifestantes no centro da capital belga. Cerca de oito mil agricultores, provenientes de v\u00e1rios pa\u00edses europeus incluindo Portugal, desfilaram por Bruxelas em tractores e carrinhas, usando-as para bloquear as principais vias de acesso da cidade.<\/p>\n<p>Foram tamb\u00e9m incendiados pneus para impedir a circula\u00e7\u00e3o no centro de Bruxelas. A maioria dos manifestantes concentrou-se na Pra\u00e7a do Luxemburgo, muito pr\u00f3xima do edif\u00edcio do Parlamento Europeu, segundo a Euronews.<\/p>\n<p>        &#13;<\/p>\n<p>&#13;<br \/>\n                &#13;\n            <\/p>\n<p>&#13;<\/p>\n<p>\u201cAquilo que pedimos \u00e9 sermos capazes de viver do nosso trabalho, e estamos contra [o acordo com a] Mercosul porque importarmos carne e produtos do estrangeiro onde n\u00e3o respeitam as mesmas regras n\u00e3o \u00e9 uma coisa normal\u201d, disse um dos manifestantes, citado pelo canal europeu.<\/p>\n<p>O protesto coincide com o in\u00edcio da reuni\u00e3o do <a href=\"https:\/\/www.publico.pt\/2025\/12\/18\/mundo\/noticia\/conselho-europeu-ninguem-sai-decisao-crucial-sobrevivencia-ucrania-2158550\" target=\"_blank\" rel=\"nofollow noopener\">Conselho Europeu<\/a> e, por isso, os agricultores esperavam causar um impacto consider\u00e1vel na cidade que o acolhe e onde est\u00e3o sediadas as principais institui\u00e7\u00f5es da UE.<\/p>\n<p>A principal fonte de contesta\u00e7\u00e3o \u00e9 a assinatura do acordo de com\u00e9rcio livre entre a UE e o Mercosul (bloco sul-americano que integra Brasil, Argentina, Uruguai e Paraguai) cuja <a href=\"https:\/\/www.publico.pt\/2025\/11\/23\/publico-brasil\/noticia\/lula-quer-assinar-acordo-mercosul-ue-20-dezembro-2155705\" target=\"_blank\" rel=\"nofollow noopener\">cerim\u00f3nia<\/a> est\u00e1 marcada para s\u00e1bado, em Igua\u00e7u, no Brasil. Os agricultores receiam que um dos principais efeitos do acordo seja uma inunda\u00e7\u00e3o do mercado europeu com produtos agr\u00edcolas e pecu\u00e1rios provenientes da Am\u00e9rica do Sul, pondo em causa toda a produ\u00e7\u00e3o europeia.<\/p>\n<p>A assinatura do acordo intercontinental precisa de maioria qualificada do Conselho Europeu, mas a <a href=\"https:\/\/www.publico.pt\/2025\/12\/17\/economia\/noticia\/italia-franca-afirmam-prematuro-assinar-acordo-uemercosul-2158452\" target=\"_blank\" rel=\"nofollow noopener\">Fran\u00e7a e a It\u00e1lia<\/a>, embora menos, mant\u00eam algumas retic\u00eancias quanto a tal decis\u00e3o, prosseguindo negocia\u00e7\u00f5es com representantes dos pa\u00edses respons\u00e1veis pelo sector agr\u00edcola. Com a poss\u00edvel oposi\u00e7\u00e3o dos dois Estados-membros, poder\u00e1 ficar em causa a aprova\u00e7\u00e3o do texto do acordo pelo Conselho Europeu.<\/p>\n<p>Esta quarta-feira, a UE alcan\u00e7ou as directrizes finais das cl\u00e1usulas de salvaguarda do acordo comercial para proteger os agricultores europeus do potencial impacto negativo de um aumento das importa\u00e7\u00f5es latino-americanas, permitindo que a Comiss\u00e3o Europeia possa avaliar e tomar medidas sobre determinados produtos que possam causar maiores danos ao entrarem no mercado europeu.<\/p>\n<p>\u00c0 entrada para a cimeira europeia, o Presidente franc\u00eas, Emmanuel Macron, voltou a indicar a sua oposi\u00e7\u00e3o ao acordo, pedindo que as negocia\u00e7\u00f5es sejam estendidas para o m\u00eas de Janeiro.<\/p>\n<p>O chanceler alem\u00e3o, Friedrich Merz, disse, por seu lado, que um eventual falhan\u00e7o em chegar a um acordo ao fim de duas d\u00e9cadas de negocia\u00e7\u00f5es intercontinentais poder\u00e1 prejudicar a imagem da UE. \u201cSe a Uni\u00e3o Europeia quiser continuar a ser cred\u00edvel na sua pol\u00edtica de com\u00e9rcio global, as decis\u00f5es devem ser tomadas agora\u201d, afirmou antes da cimeira.<\/p>\n<p>Os agricultores est\u00e3o tamb\u00e9m descontentes com as futuras mudan\u00e7as \u00e0 PAC, receando que os subs\u00eddios possam vir a ser cortados em cerca de 20% a partir do pr\u00f3ximo ano.<\/p>\n","protected":false},"excerpt":{"rendered":"Milhares de agricultores est\u00e3o a ocupar ruas e pra\u00e7as em Bruxelas desde as primeiras horas da manh\u00e3 esta&hellip;\n","protected":false},"author":2,"featured_media":193600,"comment_status":"","ping_status":"","sticky":false,"template":"","format":"standard","meta":{"footnotes":""},"categories":[50],"tags":[562,27,28,1835,445,15,16,14,25,26,21,22,4622,62,12,13,19,20,23,24,4256,17,18,29,30,31,636,63,64,65],"class_list":{"0":"post-193599","1":"post","2":"type-post","3":"status-publish","4":"format-standard","5":"has-post-thumbnail","7":"category-mundo","8":"tag-agricultura","9":"tag-breaking-news","10":"tag-breakingnews","11":"tag-bruxelas","12":"tag-europa","13":"tag-featured-news","14":"tag-featurednews","15":"tag-headlines","16":"tag-latest-news","17":"tag-latestnews","18":"tag-main-news","19":"tag-mainnews","20":"tag-mercosul","21":"tag-mundo","22":"tag-news","23":"tag-noticias","24":"tag-noticias-principais","25":"tag-noticiasprincipais","26":"tag-principais-noticias","27":"tag-principaisnoticias","28":"tag-protestos","29":"tag-top-stories","30":"tag-topstories","31":"tag-ultimas","32":"tag-ultimas-noticias","33":"tag-ultimasnoticias","34":"tag-uniao-europeia","35":"tag-world","36":"tag-world-news","37":"tag-worldnews"},"share_on_mastodon":{"url":"https:\/\/pubeurope.com\/@pt\/115741808701846228","error":""},"_links":{"self":[{"href":"https:\/\/www.europesays.com\/pt\/wp-json\/wp\/v2\/posts\/193599","targetHints":{"allow":["GET"]}}],"collection":[{"href":"https:\/\/www.europesays.com\/pt\/wp-json\/wp\/v2\/posts"}],"about":[{"href":"https:\/\/www.europesays.com\/pt\/wp-json\/wp\/v2\/types\/post"}],"author":[{"embeddable":true,"href":"https:\/\/www.europesays.com\/pt\/wp-json\/wp\/v2\/users\/2"}],"replies":[{"embeddable":true,"href":"https:\/\/www.europesays.com\/pt\/wp-json\/wp\/v2\/comments?post=193599"}],"version-history":[{"count":0,"href":"https:\/\/www.europesays.com\/pt\/wp-json\/wp\/v2\/posts\/193599\/revisions"}],"wp:featuredmedia":[{"embeddable":true,"href":"https:\/\/www.europesays.com\/pt\/wp-json\/wp\/v2\/media\/193600"}],"wp:attachment":[{"href":"https:\/\/www.europesays.com\/pt\/wp-json\/wp\/v2\/media?parent=193599"}],"wp:term":[{"taxonomy":"category","embeddable":true,"href":"https:\/\/www.europesays.com\/pt\/wp-json\/wp\/v2\/categories?post=193599"},{"taxonomy":"post_tag","embeddable":true,"href":"https:\/\/www.europesays.com\/pt\/wp-json\/wp\/v2\/tags?post=193599"}],"curies":[{"name":"wp","href":"https:\/\/api.w.org\/{rel}","templated":true}]}}