{"id":193619,"date":"2025-12-18T17:56:12","date_gmt":"2025-12-18T17:56:12","guid":{"rendered":"https:\/\/www.europesays.com\/pt\/193619\/"},"modified":"2025-12-18T17:56:12","modified_gmt":"2025-12-18T17:56:12","slug":"nao-sairemos-sem-decisao-lideres-da-ue-discutem-futuro-da-ucrania-em-cimeira-que-promete-ser-dura","status":"publish","type":"post","link":"https:\/\/www.europesays.com\/pt\/193619\/","title":{"rendered":"&#8220;N\u00e3o sairemos sem decis\u00e3o&#8221;. L\u00edderes da UE discutem futuro da Ucr\u00e2nia em cimeira que promete ser dura"},"content":{"rendered":"<p>                O presidente ucraniano est\u00e1 em Bruxelas, esta quinta-feira, para um encontro considerado decisivo para o futuro da Ucr\u00e2nia. <b>Os 27 l\u00edderes europeus v\u00e3o tentar um acordo sobre a forma de financiar o apoio a Kiev, decidindo se aprovam um empr\u00e9stimo de repara\u00e7\u00f5es com base nos ativos russos imobilizados, rejeitado pela B\u00e9lgica.<\/b><\/p>\n<p>De acordo com o Fundo Monet\u00e1rio Internacional, a Ucr\u00e2nia precisa de cerca de 137 mil milh\u00f5es de euros para os pr\u00f3ximos dois anos. <b>Dada a urg\u00eancia de assegurar verbas para os pr\u00f3ximos dois anos, h\u00e1 duas alternativas em cima da mesa: a aprova\u00e7\u00e3o de um empr\u00e9stimo com base nos bens da R\u00fassia congelados no espa\u00e7o comunit\u00e1rio &#8211; a op\u00e7\u00e3o que requer mais apoio, maioria qualificada e menos esfor\u00e7o or\u00e7amental, apesar da oposi\u00e7\u00e3o belga &#8211; ou a emiss\u00e3o de d\u00edvida conjunta &#8211; que n\u00e3o \u00e9 apoiada por todos e exige unanimidade.<\/b><\/p>\n<p>          <img decoding=\"async\" itemprop=\"image\" class=\"img-fluid\"   src=\"https:\/\/www.europesays.com\/pt\/wp-content\/uploads\/2025\/12\/dd6d64418068f9691e36b63f7f91c56f_N.jpg\"\/><\/p>\n<p>Jornal da Tarde | 18 de dezembro de 2025<\/p>\n<p><b>&#8220;N\u00e3o se trata apenas de n\u00fameros&#8221;,<\/b> disse a presidente da Comiss\u00e3o Europeia, antes da cimeira. &#8220;Trata-se tamb\u00e9m de refor\u00e7ar a capacidade da Ucr\u00e2nia para garantir uma verdadeira paz &#8211; uma paz justa, duradoura, que proteja a Ucr\u00e2nia e, por conseguinte, proteja tamb\u00e9m a Europa\u201d.<\/p>\n<p>          <img decoding=\"async\" itemprop=\"image\" class=\"img-fluid\"   src=\"https:\/\/www.europesays.com\/pt\/wp-content\/uploads\/2025\/12\/e3900eba3d60229dfdee8f13ae549302_N.jpg\"\/><\/p>\n<p>A reuni\u00e3o do Conselho Europeu come\u00e7a esta quinta-feira e pode prolongar-se por dois ou tr\u00eas dias, at\u00e9 que haja uma decis\u00e3o, sendo que por agora as opini\u00f5es est\u00e3o divididas entre os l\u00edderes europeus.<\/p>\n<p>Ursula von der Leyen pediu aos l\u00edderes dos pa\u00edses da UE que cheguem a um acordo sobre o financiamento para o Ucr\u00e2nia em 2026 e 2026, antevendo \u201cnegocia\u00e7\u00f5es muito intensas\u201d durante o dia de hoje.<\/p>\n<p><b>\u201cTem de haver uma solu\u00e7\u00e3o hoje, apoio o que disse o presidente do Conselho Europeu [Ant\u00f3nio Costa], n\u00e3o vamos sair daqui sem uma solu\u00e7\u00e3o\u201d<\/b>, disse Ursula von der Leyen.<br \/>&#13;<br \/>\nFalhar acordo seria &#8220;grande problema\u201d<br \/>&#13;<br \/>\nO presidente ucraniano admitiu que falta de um acordo sobre o uso dos ativos russos congelados representaria um s\u00e9rio desafio para a Ucr\u00e2nia.<\/p>\n<p><b>\u201cVou conversar com todos os l\u00edderes, apresentar os nossos argumentos e espero sinceramente que possamos obter uma decis\u00e3o positiva. Sem ela, haver\u00e1 um grande problema para a Ucr\u00e2nia\u201d<\/b>, afirmou aos jornalistas, em Bruxelas.<\/p>\n<p>Zelensky acrescentou que sem essa decis\u00e3o ser\u00e3o negados cerca de 90.000 milh\u00f5es de euros que podiam ser utilizados para suprir as necessidades financeiras do pa\u00eds e resistir \u00e0 invas\u00e3o russa nos pr\u00f3ximos dois anos.<\/p>\n<p><b>Vis\u00e3o partilhada por Kaja Kallas. <\/b>A alta representante para os Neg\u00f3cios Estrangeiros insistiu, antes de se iniciar a reuni\u00e3o do Conselho Europeu, na aprova\u00e7\u00e3o da proposta para utilizar os recursos russos imobilizados para financiar a Ucr\u00e2nia, advertindo que \u201cPutin est\u00e1 a contar com o fracasso\u201d da Uni\u00e3o Europeia.<\/p>\n<p><b>\u201cAvan\u00e7ar com esta proposta legislativa significa que todos vamos suport\u00e1-la [\u2026], Putin est\u00e1 a contar com o nosso fracasso hoje, n\u00e3o dev\u00edamos dar-lhe isso<\/b>\u201d, disse Kallas, \u00e0 entrada para a reuni\u00e3o, a \u00faltima de 2025.<\/p>\n<p>A B\u00e9lgica \u00e9 o pa\u00eds da UE com mais ativos deste tipo e Kaja Kallas disse compreender que \u201cesteja a ser pressionada por v\u00e1rios pa\u00edses europeus e tamb\u00e9m pelos Estados Unidos da Am\u00e9rica\u201d, mas advertiu que o &#8216;peso&#8217; da decis\u00e3o vai ser suportado pelos 27:<b> \u201cPor isso \u00e9 que a proposta \u00e9 europeia.\u201d<\/b><\/p>\n<p>\u201cA unidade \u00e9 a nossa for\u00e7a e precisamos de uma solu\u00e7\u00e3o hoje\u201d, insistiu.<br \/>&#13;<br \/>\nB\u00e9lgica quer que riscos legais sejam partilhados com outros pa\u00edses<br \/>&#13;<br \/>\nAntes da reuni\u00e3o do Conselho Europeu, o primeiro-ministro belga discursou no Parlamento belga, dizendo aos deputados que a B\u00e9lgica continua preocupada com qualquer plano que a deixasse exposta a riscos legais por parte da R\u00fassia. Por isso, <b>Bart de Wever exigiu fortes garantias de que esse risco seja partilhado com outros pa\u00edses.<\/b><\/p>\n<p>\u201cPrecisamos de um paraquedas antes de saltar. Se nos pedirem para saltar, saltamos todos juntos\u201d, disse em declara\u00e7\u00f5es citadas pelo Le Soir.<\/p>\n<p>O chefe de Governo belga reconheceu que \u201ctudo pode mudar no \u00faltimo minuto\u201d, mas ainda havia problemas com o texto proposto. <b>De Wever esclareceu, contudo, que a discord\u00e2ncia era sobre &#8220;como&#8221;, e n\u00e3o &#8220;se&#8221; a Ucr\u00e2nia devia ser financiada, ressaltando a urg\u00eancia desse desafio.<\/b><br \/>&#13;<br \/>\nMacron confiante de que UE chegue a consenso<br \/>&#13;<br \/>\n<b>&#8220;Quero voltar a sublinhar a import\u00e2ncia, primeiro, de imobilizar os ativos russos que foram congelados&#8221;<\/b>, afirmou o Emmanuel Macron, acrescentando que <b>\u00e9 preciso &#8220;dar visibilidade aos ucranianos para financiar o seu esfor\u00e7o de guerra&#8221;.<\/b><\/p>\n<p>O presidente franc\u00eas manifestou estar confiante na capacidade da UE de chegar a um acordo para financiar o esfor\u00e7o de guerra da Ucr\u00e2nia, ao chegar \u00e0 cimeira em Bruxelas.<\/p>\n<p><b>&#8220;Estou confiante de que encontraremos uma solu\u00e7\u00e3o porque os europeus est\u00e3o unidos no seu compromisso de continuar&#8221; o apoio a Kiev<\/b>, afirmou Emmanuel Macron, recordando que a Europa deve continua a demonstrar ser capaz de se proteger.<\/p>\n<p>O presidente franc\u00eas acredita que a melhor op\u00e7\u00e3o \u00e9 o recurso aos ativos russos:<b> \u201c\u00e9 a decis\u00e3o que devemos tomar\u201d.<\/b><\/p>\n<p>\u201cPrecisamos unir todos\u201d e encontrar uma posi\u00e7\u00e3o conjunta, sublinhou, acrescentando que \u00e9 importante continuar as negocia\u00e7\u00f5es de paz.<\/p>\n<p>          <img decoding=\"async\" itemprop=\"image\" class=\"img-fluid\"   src=\"https:\/\/www.europesays.com\/pt\/wp-content\/uploads\/2025\/12\/26c392f9c47764fb51b78f1cacc4c8fb_N.jpg\"\/><\/p>\n<p>Os l\u00edderes europeus querem \u201capresentar um pacote de financiamento\u201d para a Ucr\u00e2nia e, na \u00f3tica de Macron, \u201c\u00e9 muito importante encontrarmos o compromisso certo\u201d.<\/p>\n<p><b>\u201cEstou confiante de que o encontraremos\u201d<\/b>, repetiu, refor\u00e7ando que a posi\u00e7\u00e3o europeia \u00e9 \u201cmuito clara\u201d, com os europeus a apoiar a Ucr\u00e2nia neste esfor\u00e7o de guerra, enquanto tentam ajudar com financiamento e no caminho para \u201cuma paz robusta e s\u00f3lida\u201d.<br \/>&#13;<br \/>\nHungria teme que uso de ativos russos conduza \u00e0 guerra na UE<br \/>&#13;<br \/>\nO primeiro-ministro h\u00fangaro considerou que usar os ativos russos congelados na Uni\u00e3o Europeia vai conduzir \u00e0 guerra e que n\u00e3o quer ver a Uni\u00e3o Europeia em guerra.<br \/>&#13;<br \/>\n<b><br \/>&#13;<br \/>\n\u201cUsar o dinheiro [congelado na UE] significa guerra\u201d<\/b>, referiu, em declara\u00e7\u00f5es aos jornalistas \u00e0 entrada do Conselho Europeu. <b>\u201cN\u00e3o quero ver uma Uni\u00e3o Europeia que esteja em guerra\u201d.<\/b><\/p>\n<p>Orb\u00e1n acrescentou ainda que a possibilidade de utilizar fundos russos que chegam \u00e0 maturidade para financiar a Ucr\u00e2nia \u201cest\u00e1 morta\u201d.<br \/>&#13;<br \/>\nCimeira s\u00f3 terminar\u00e1 com decis\u00e3o<br \/>&#13;<br \/>\nO presidente do Conselho Europeu assegurou que a cimeira s\u00f3 acaba quando houver uma decis\u00e3o sobre o financiamento \u00e0 Ucr\u00e2nia para os pr\u00f3ximos dois anos e defendeu a proposta de utiliza\u00e7\u00e3o dos recursos russos imobilizados nos pa\u00edses da Uni\u00e3o Europeia.<\/p>\n<p><b>\u201cVai ser um Conselho [Europeu] \u00e1rduo [\u2026], posso assegurar-lhes que n\u00e3o sairemos sem uma decis\u00e3o\u201d sobre o financiamento \u00e0 Ucr\u00e2nia, disse Ant\u00f3nio Costa<\/b>, \u00e0 entrada para a \u00faltima reuni\u00e3o do Conselho Europeu de 2025, em Bruxelas.<\/p>\n<p>O ex-primeiro-ministro de Portugal insistiu que \u00e9 necess\u00e1rio \u201cassegurar as necessidades de financiamento da Ucr\u00e2nia em 2026 e 2027\u201d e apontou a proposta da Comiss\u00e3o Europeia \u2013 de utilizar os ativos russos congelados nos pa\u00edses da UE \u2013 como a solu\u00e7\u00e3o mais cred\u00edvel para o fazer.<\/p>\n<p><b>\u201cEstamos a trabalhar muito bem, vamos continuar a faz\u00ea-lo hoje e, se necess\u00e1rio, amanh\u00e3, mas n\u00e3o sairemos daqui sem uma solu\u00e7\u00e3o\u201d<\/b>, insistiu.<\/p>\n<p>          <img decoding=\"async\" itemprop=\"image\" class=\"img-fluid\"   src=\"https:\/\/www.europesays.com\/pt\/wp-content\/uploads\/2025\/12\/8c242297244e9a3ff5cb9e7ac3a49cee_N.jpg\"\/><\/p>\n<p>Ant\u00f3nio Costa acrescentou que tamb\u00e9m quer abordar o alargamento da UE a outros pa\u00edses, considerando que \u00e9 o \u201ci<b>nvestimento geopol\u00edtico mas importante\u201d que o bloco pol\u00edtico-econ\u00f3mico europeu pode fazer.<\/b><\/p>\n<p>&#13;<br \/>\n<b>&#13;<br \/>\n&#8220;Essa decis\u00e3o \u00e9 crucial para garantir que a Ucr\u00e2nia est\u00e1 numa posi\u00e7\u00e3o de for\u00e7a nas negocia\u00e7\u00f5es de paz&#8221;<\/b>, adiantou Costa, refor\u00e7ando que<b> &#8220;\u00e9 o melhor contributo (&#8230;) para alcan\u00e7ar uma paz justa o mais rapidamente poss\u00edvel&#8221;<\/b>.&#13;\n<\/p>\n<p>For\u00e7a da Europa e solidariedade postas \u00e0 prova<br \/>\nO primeiro-ministro acredita que \u201ca for\u00e7a da Europa e a solidariedade europeia est\u00e3o postas \u00e0 prova\u201d na cimeira europeia em Bruxelas.<\/p>\n<p><b>\u201cDiria \u00e9 um dos Conselhos [Europeus] mais decisivos dos que se t\u00eam realizado nos \u00faltimos anos. Creio que \u00e9 mesmo o caso para dizer que a for\u00e7a da Europa e a solidariedade europeia est\u00e3o \u00e0 prova hoje e, do nosso ponto de vista, a Europa n\u00e3o pode, n\u00e3o deve falhar e a nossa convic\u00e7\u00e3o \u00e9 de que a reuni\u00e3o ser\u00e1 dura, ser\u00e1 intensa, mas \u00e9 poss\u00edvel chegarmos a entendimento\u201d,<\/b> afirmou Lu\u00eds Montenegro, na chegada \u00e0 cimeira europeia, em Bruxelas.<\/p>\n<p>\u201c<b>Estamos postos \u00e0 prova, \u00e9 preciso assumi-lo\u201d,<\/b> refor\u00e7ou o chefe de Governo, classificando como \u201cdescabidas\u201d as acusa\u00e7\u00f5es do Presidente norte-americano, Donald Trump, que chamou os l\u00edderes europeus de fracos.<\/p>\n<p>          <img decoding=\"async\" itemprop=\"image\" class=\"img-fluid\"   src=\"https:\/\/www.europesays.com\/pt\/wp-content\/uploads\/2025\/12\/20216ac3a0936d7027e0937438050ebb_N.jpg\"\/><\/p>\n<p>Para Portugal, de acordo com Lu\u00eds Montenegro, \u201ca solu\u00e7\u00e3o ideal passa pela utiliza\u00e7\u00e3o dos ativos russos congelados\u201d, embora o pa\u00eds esteja \u201caberto a outras solu\u00e7\u00f5es ou at\u00e9 \u00e0 conjuga\u00e7\u00e3o de mais do que uma solu\u00e7\u00e3o\u201d, numa alus\u00e3o \u00e0 outra iniciativa proposta, relacionada com a d\u00edvida comum.<\/p>\n<p>O chefe de Governo concluiu que<b> \u201ceste n\u00e3o \u00e9 um daqueles Conselhos Europeus onde as coisas est\u00e3o garantidas e tratadas previamente\u201d, mas sim uma cimeira \u201cque come\u00e7a agora, mas n\u00e3o se sabe quando \u00e9 que vai acabar\u201d<\/b>.&#13;\n<\/p>\n<p>De momento, decorrem conversa\u00e7\u00f5es na UE para desbloquear as op\u00e7\u00f5es de financiamento europeu ao pa\u00eds invadido pela R\u00fassia em fevereiro de 2022.<\/p>\n<p>A medida que re\u00fane mais apoio na UE diz respeito a um empr\u00e9stimo de repara\u00e7\u00f5es \u00e0 Ucr\u00e2nia, mas enfrenta a oposi\u00e7\u00e3o da B\u00e9lgica, pa\u00eds que acolhe a maior parte dos ativos russos congelados atrav\u00e9s da Euroclear, uma institui\u00e7\u00e3o de dep\u00f3sitos de ativos mobili\u00e1rios sediada em Bruxelas que det\u00e9m 185 mil milh\u00f5es de euros do total dos ativos congelados na Europa.&#13;\n<\/p>\n<p>&#13;<br \/>\nc\/ ag\u00eancias&#13;<\/p>\n","protected":false},"excerpt":{"rendered":"O presidente ucraniano est\u00e1 em Bruxelas, esta quinta-feira, para um encontro considerado decisivo para o futuro da Ucr\u00e2nia.&hellip;\n","protected":false},"author":2,"featured_media":193620,"comment_status":"","ping_status":"","sticky":false,"template":"","format":"standard","meta":{"footnotes":""},"categories":[50],"tags":[27073,27,28,8567,7962,15,16,17736,830,14,25,26,21,22,62,12,13,19,20,23,24,839,17,18,840,29,30,31,636,63,64,65],"class_list":{"0":"post-193619","1":"post","2":"type-post","3":"status-publish","4":"format-standard","5":"has-post-thumbnail","7":"category-mundo","8":"tag-ativos","9":"tag-breaking-news","10":"tag-breakingnews","11":"tag-cimeira","12":"tag-conselho-europeu","13":"tag-featured-news","14":"tag-featurednews","15":"tag-financiamento","16":"tag-guerra","17":"tag-headlines","18":"tag-latest-news","19":"tag-latestnews","20":"tag-main-news","21":"tag-mainnews","22":"tag-mundo","23":"tag-news","24":"tag-noticias","25":"tag-noticias-principais","26":"tag-noticiasprincipais","27":"tag-principais-noticias","28":"tag-principaisnoticias","29":"tag-russia","30":"tag-top-stories","31":"tag-topstories","32":"tag-ucrania","33":"tag-ultimas","34":"tag-ultimas-noticias","35":"tag-ultimasnoticias","36":"tag-uniao-europeia","37":"tag-world","38":"tag-world-news","39":"tag-worldnews"},"share_on_mastodon":{"url":"","error":"Validation failed: Text character limit of 500 exceeded"},"_links":{"self":[{"href":"https:\/\/www.europesays.com\/pt\/wp-json\/wp\/v2\/posts\/193619","targetHints":{"allow":["GET"]}}],"collection":[{"href":"https:\/\/www.europesays.com\/pt\/wp-json\/wp\/v2\/posts"}],"about":[{"href":"https:\/\/www.europesays.com\/pt\/wp-json\/wp\/v2\/types\/post"}],"author":[{"embeddable":true,"href":"https:\/\/www.europesays.com\/pt\/wp-json\/wp\/v2\/users\/2"}],"replies":[{"embeddable":true,"href":"https:\/\/www.europesays.com\/pt\/wp-json\/wp\/v2\/comments?post=193619"}],"version-history":[{"count":0,"href":"https:\/\/www.europesays.com\/pt\/wp-json\/wp\/v2\/posts\/193619\/revisions"}],"wp:featuredmedia":[{"embeddable":true,"href":"https:\/\/www.europesays.com\/pt\/wp-json\/wp\/v2\/media\/193620"}],"wp:attachment":[{"href":"https:\/\/www.europesays.com\/pt\/wp-json\/wp\/v2\/media?parent=193619"}],"wp:term":[{"taxonomy":"category","embeddable":true,"href":"https:\/\/www.europesays.com\/pt\/wp-json\/wp\/v2\/categories?post=193619"},{"taxonomy":"post_tag","embeddable":true,"href":"https:\/\/www.europesays.com\/pt\/wp-json\/wp\/v2\/tags?post=193619"}],"curies":[{"name":"wp","href":"https:\/\/api.w.org\/{rel}","templated":true}]}}