{"id":193622,"date":"2025-12-18T17:58:27","date_gmt":"2025-12-18T17:58:27","guid":{"rendered":"https:\/\/www.europesays.com\/pt\/193622\/"},"modified":"2025-12-18T17:58:27","modified_gmt":"2025-12-18T17:58:27","slug":"e-um-simbolo-cultural-rock","status":"publish","type":"post","link":"https:\/\/www.europesays.com\/pt\/193622\/","title":{"rendered":"&#8220;\u00c9 um s\u00edmbolo cultural rock\u201d"},"content":{"rendered":"<p>A ex-coordenadora do Bloco de Esquerda Mariana Mort\u00e1gua afirmou esta quarta-feira, 17 de outubro, que o gesto que dirigiu com os dedos ao l\u00edder parlamentar do CDS foi mal interpretado, n\u00e3o sendo ofensivo, mas, antes, ligado \u00e0 cultura do rock.<\/p>\n<p>Esta justifica\u00e7\u00e3o de Mariana Mort\u00e1gua, por\u00e9m, n\u00e3o acalmou os \u00e2nimos na abertura da sess\u00e3o plen\u00e1ria desta quarta-feira, e o presidente da Assembleia da Rep\u00fablica, Jos\u00e9 Pedro Aguiar-Branco, foi mesmo obrigado a intervir por duas vezes: primeiro, para cortar a palavra \u00e0 deputada do Chega Rita Matias; depois, para cortar a palavra ao pr\u00f3prio presidente da bancada do CDS, Paulo N\u00fancio.<\/p>\n<p>Na ter\u00e7a-feira, o presidente da Assembleia da Rep\u00fablica decidiu solicitar \u00e0 Comiss\u00e3o de Transpar\u00eancia a abertura de um inqu\u00e9rito por &#8220;eventuais irregularidades graves praticadas&#8221; pela deputada cessante do Bloco de Esquerda, Mariana Mort\u00e1gua, por um gesto dirigido a Paulo N\u00fancio.<\/p>\n<p>Segundo a queixa do CDS, Mariana Mort\u00e1gua dirigiu um &#8220;gesto grosseiro&#8221; a Paulo N\u00fancio, em plen\u00e1rio, <strong>&#8220;levantando a m\u00e3o direita com o punho fechado, com exce\u00e7\u00e3o dos dedos indicador e mindinho&#8221;<\/strong>.<\/p>\n<p>Esta quarta-feira, na abertura da sess\u00e3o plen\u00e1ria, Paulo N\u00fancio retomou o tema, queixando-se que Mariana Mort\u00e1gua lhe dirigiu um gesto grosseiro. Do ponto de vista pol\u00edtico, por\u00e9m, o objetivo de Paulo N\u00fancio foi o de frisar que, no parlamento, perante estes casos, tem de haver o mesmo tratamento para a extrema-direita e para a extrema-esquerda.<\/p>\n<p>Mariana Mort\u00e1gua pediu ent\u00e3o a palavra para responder ao l\u00edder parlamentar do CDS e, sobretudo, para procurar justificar o significado do gesto que lhe dirigira na semana passada.<\/p>\n<p><strong>\u201cCompreendo que, tendo em conta o enquadramento cultural e simb\u00f3lico do deputado Paulo N\u00fancio, que \u00e9 um aficionado [de touradas] &#8211; eu n\u00e3o sou \u2013 e desenvolve atividades nessa \u00e1rea, a sua interpreta\u00e7\u00e3o possa ter sido errada. Estou nesta casa h\u00e1 12 anos, nunca faltei ao respeito a ningu\u00e9m, e certamente n\u00e3o iria come\u00e7ar por faz\u00ea-lo ao senhor deputado Paulo N\u00fancio\u201d<\/strong>, declarou.<\/p>\n<p>A deputada do Bloco de Esquerda lamentou depois que o gesto que dirigira ao l\u00edder parlamentar do CDS tenha \u201cgerado alguma confus\u00e3o na interpreta\u00e7\u00e3o\u201d, porque se tratou de um gesto com os dedos \u201cque \u00e9 um s\u00edmbolo cultural rock\u201d \u2013 e n\u00e3o um s\u00edmbolo de cornos, como na tauromaquia.<\/p>\n<p><strong>\u201cOutra interpreta\u00e7\u00e3o que o senhor deputado Paulo N\u00fancio possa ter tido, n\u00e3o foi de todo essa a minha inten\u00e7\u00e3o\u201d<\/strong>, acrescentou.<\/p>\n<p>Apesar destas palavras de Mariana Mort\u00e1gua, a bancada do Chega, por via de Rita Matias, reagiu de forma inflamada para queixar-se de \u201cdualidade de crit\u00e9rios no parlamento e na pol\u00edtica portuguesa\u201d, alegando que, se o gesto com os dedos fosse feito por um deputado do seu partido, \u201cteria abertura de telejornal\u201d.<\/p>\n<p>O presidente da Assembleia da Rep\u00fablica advertiu-a que n\u00e3o estava a fazer qualquer interpela\u00e7\u00e3o \u00e0 mesa do parlamento. Perante a insist\u00eancia de Rita Matias, Jos\u00e9 Pedro Aguiar-Branco foi for\u00e7ado a cortar-lhe a palavra.<\/p>\n<p>Pela parte do PSD, o l\u00edder parlamentar, Hugo Soares, tentou serenar os \u00e2nimos. Assinalou que assistiam ao plen\u00e1rio alunos de escolas e que Mariana Mort\u00e1gua \u201cj\u00e1 tinha pedido desculpa pela interpreta\u00e7\u00e3o errada do seu gesto\u201d.<\/p>\n<p>Mas Paulo N\u00fancio quis voltar \u00e0 carga, acusando a ex-coordenadora do Bloco de \u201cestar a dar m\u00fasica\u201d. No entanto, o presidente da Assembleia da Rep\u00fablica cortou-lhe a palavra. E Jos\u00e9 Pedro Aguiar-Branco desafiou mesmo o l\u00edder parlamentar do CDS a recorrer para o plen\u00e1rio da decis\u00e3o que tomara de lhe cortar a palavra, o que n\u00e3o aconteceu.<\/p>\n<p>Antes deste incidente, logo ap\u00f3s a primeira vez que Paulo N\u00fancio pediu a palavra, Jos\u00e9 Pedro Aguiar-Branco j\u00e1 tinha salientado que, na sequ\u00eancia de um despacho por si assinado na ter\u00e7a-feira, enviara a queixa do CDS contra a ex-coordenadora do Bloco de Esquerda para a Comiss\u00e3o de Transpar\u00eancia, tendo em vista o apuramento dos factos.<\/p>\n<p>Nesse sentido, estando um inqu\u00e9rito em curso, o presidente da Assembleia da Rep\u00fablica alegou que n\u00e3o se pronunciaria sobre o caso em concreto.<\/p>\n<p>Falou, por\u00e9m, sobre os princ\u00edpios que devem reger o debate democr\u00e1tico na Assembleia da Rep\u00fablica, conciliando liberdade de express\u00e3o, urbanidade e respeito pelos outros deputados.<\/p>\n<p>\u201cQuando uma forma de um deputado se expressar, ou de gesticular, n\u00e3o prestigia o parlamento, ou n\u00e3o respeita um outro deputado, compete-me fazer um reparo, uma advert\u00eancia. E tamb\u00e9m, quando a situa\u00e7\u00e3o \u00e9 como esta, fazer o envio \u00e0 Comiss\u00e3o de Transpar\u00eancia, a pedido de algum grupo parlamentar\u201d, frisou.<\/p>\n","protected":false},"excerpt":{"rendered":"A ex-coordenadora do Bloco de Esquerda Mariana Mort\u00e1gua afirmou esta quarta-feira, 17 de outubro, que o gesto que&hellip;\n","protected":false},"author":2,"featured_media":193623,"comment_status":"","ping_status":"","sticky":false,"template":"","format":"standard","meta":{"footnotes":""},"categories":[8],"tags":[27,28,15,16,14,25,26,21,22,1737,12,13,19,20,20746,32,23,24,33,17,18,29,30,31],"class_list":{"0":"post-193622","1":"post","2":"type-post","3":"status-publish","4":"format-standard","5":"has-post-thumbnail","7":"category-principais-noticias","8":"tag-breaking-news","9":"tag-breakingnews","10":"tag-featured-news","11":"tag-featurednews","12":"tag-headlines","13":"tag-latest-news","14":"tag-latestnews","15":"tag-main-news","16":"tag-mainnews","17":"tag-mariana-mortagua","18":"tag-news","19":"tag-noticias","20":"tag-noticias-principais","21":"tag-noticiasprincipais","22":"tag-paulo-nuncio","23":"tag-portugal","24":"tag-principais-noticias","25":"tag-principaisnoticias","26":"tag-pt","27":"tag-top-stories","28":"tag-topstories","29":"tag-ultimas","30":"tag-ultimas-noticias","31":"tag-ultimasnoticias"},"share_on_mastodon":{"url":"https:\/\/pubeurope.com\/@pt\/115741871795119141","error":""},"_links":{"self":[{"href":"https:\/\/www.europesays.com\/pt\/wp-json\/wp\/v2\/posts\/193622","targetHints":{"allow":["GET"]}}],"collection":[{"href":"https:\/\/www.europesays.com\/pt\/wp-json\/wp\/v2\/posts"}],"about":[{"href":"https:\/\/www.europesays.com\/pt\/wp-json\/wp\/v2\/types\/post"}],"author":[{"embeddable":true,"href":"https:\/\/www.europesays.com\/pt\/wp-json\/wp\/v2\/users\/2"}],"replies":[{"embeddable":true,"href":"https:\/\/www.europesays.com\/pt\/wp-json\/wp\/v2\/comments?post=193622"}],"version-history":[{"count":0,"href":"https:\/\/www.europesays.com\/pt\/wp-json\/wp\/v2\/posts\/193622\/revisions"}],"wp:featuredmedia":[{"embeddable":true,"href":"https:\/\/www.europesays.com\/pt\/wp-json\/wp\/v2\/media\/193623"}],"wp:attachment":[{"href":"https:\/\/www.europesays.com\/pt\/wp-json\/wp\/v2\/media?parent=193622"}],"wp:term":[{"taxonomy":"category","embeddable":true,"href":"https:\/\/www.europesays.com\/pt\/wp-json\/wp\/v2\/categories?post=193622"},{"taxonomy":"post_tag","embeddable":true,"href":"https:\/\/www.europesays.com\/pt\/wp-json\/wp\/v2\/tags?post=193622"}],"curies":[{"name":"wp","href":"https:\/\/api.w.org\/{rel}","templated":true}]}}