{"id":193626,"date":"2025-12-18T18:00:33","date_gmt":"2025-12-18T18:00:33","guid":{"rendered":"https:\/\/www.europesays.com\/pt\/193626\/"},"modified":"2025-12-18T18:00:33","modified_gmt":"2025-12-18T18:00:33","slug":"dia-do-arquiteto-marche-conceitto-e-muriqui-promovem-encontro-sobre-iluminacao-especial-publicitario","status":"publish","type":"post","link":"https:\/\/www.europesays.com\/pt\/193626\/","title":{"rendered":"Dia do Arquiteto: March\u00ea + Conceitto e Muriqui promovem encontro sobre ilumina\u00e7\u00e3o | Especial Publicit\u00e1rio"},"content":{"rendered":"<p class=\"MsoNoSpacing\" style=\"text-align: justify;\">A March\u00ea + Conceitto, em parceria com a Muriqui Ambientes Infantis, promoveu nesta segunda-feira (15) em Adamantina, em alus\u00e3o ao Dia do Arquiteto, o encontro Arq Luz Talk, reunindo profissionais da arquitetura e \u00e1reas afins da regi\u00e3o. A iniciativa teve como proposta celebrar a data, fortalecer conex\u00f5es profissionais e ampliar o debate t\u00e9cnico sobre ilumina\u00e7\u00e3o, um dos elementos centrais na concep\u00e7\u00e3o e valoriza\u00e7\u00e3o dos ambientes. <a style=\"color: #0000ff;\" href=\"https:\/\/www.instagram.com\/p\/DSX1GoHjuJ4\/\" target=\"_blank\" rel=\"noopener nofollow\"><strong>Assista conte\u00fado especial sobre o encontro<\/strong><\/a>.<\/p>\n<p class=\"MsoNoSpacing\" style=\"text-align: center;\"><img loading=\"lazy\" decoding=\"async\" style=\"display: block; margin-left: auto; margin-right: auto;\" src=\"https:\/\/www.europesays.com\/pt\/wp-content\/uploads\/2025\/12\/a12png17659902046942df3cd8019.png\" alt=\"\" width=\"540\" height=\"304\"\/>Arq Luz Talk, realiza\u00e7\u00e3o da March\u00ea + Conceitto e Muriqui (Imagem: Siga Mais).<img loading=\"lazy\" decoding=\"async\" style=\"display: block; margin-left: auto; margin-right: auto;\" src=\"https:\/\/www.europesays.com\/pt\/wp-content\/uploads\/2025\/12\/a14png17659902216942df4d0f7ad.png\" alt=\"\" width=\"540\" height=\"304\"\/>Arq Luz Talk, realiza\u00e7\u00e3o da March\u00ea + Conceitto e Muriqui (Imagem: Siga Mais).<img loading=\"lazy\" decoding=\"async\" style=\"display: block; margin-left: auto; margin-right: auto;\" src=\"https:\/\/www.europesays.com\/pt\/wp-content\/uploads\/2025\/12\/a11png17659902696942df7de3697.png\" alt=\"\" width=\"540\" height=\"304\"\/>Arq Luz Talk, realiza\u00e7\u00e3o da March\u00ea + Conceitto e Muriqui (Imagem: Siga Mais).<img loading=\"lazy\" decoding=\"async\" style=\"display: block; margin-left: auto; margin-right: auto;\" src=\"https:\/\/www.europesays.com\/pt\/wp-content\/uploads\/2025\/12\/a10png17659902816942df8956029.png\" alt=\"\" width=\"540\" height=\"304\"\/>Arq Luz Talk, realiza\u00e7\u00e3o da March\u00ea + Conceitto e Muriqui (Imagem: Siga Mais).<\/p>\n<p class=\"MsoNoSpacing\" style=\"text-align: justify;\">Realizado na March\u00ea + Conceitto, no Parque dos Pioneiros, o evento proporcionou um espa\u00e7o de troca de experi\u00eancias, aprendizado e confraterniza\u00e7\u00e3o, destacando a ilumina\u00e7\u00e3o n\u00e3o apenas como recurso est\u00e9tico, mas tamb\u00e9m funcional e estrat\u00e9gico nos projetos arquitet\u00f4nicos. A exposi\u00e7\u00e3o principal foi conduzida pelo especialista em ilumina\u00e7\u00e3o M\u00e1rio Eduardo Ferrari, que compartilhou conhecimentos t\u00e9cnicos sobre o uso da luz, seus efeitos e aplica\u00e7\u00f5es pr\u00e1ticas. Tamb\u00e9m participou do encontro a arquiteta e empres\u00e1ria Camila Tiveron, da Muriqui Ambientes Infantis e da CT Arquitetura. Ao final foi realizado um sorteio que premiou quatro participantes.<\/p>\n<p class=\"MsoNoSpacing\" style=\"text-align: center;\"><img loading=\"lazy\" decoding=\"async\" style=\"display: block; margin-left: auto; margin-right: auto;\" src=\"https:\/\/www.europesays.com\/pt\/wp-content\/uploads\/2025\/12\/a09png17659902936942df9549265.png\" alt=\"\" width=\"540\" height=\"304\"\/>Arq Luz Talk, realiza\u00e7\u00e3o da March\u00ea + Conceitto e Muriqui (Imagem: Siga Mais).<img loading=\"lazy\" decoding=\"async\" style=\"display: block; margin-left: auto; margin-right: auto;\" src=\"https:\/\/www.europesays.com\/pt\/wp-content\/uploads\/2025\/12\/a08png17659903106942dfa61321a.png\" alt=\"\" width=\"540\" height=\"304\"\/>Arq Luz Talk, realiza\u00e7\u00e3o da March\u00ea + Conceitto e Muriqui (Imagem: Siga Mais).<img loading=\"lazy\" decoding=\"async\" style=\"display: block; margin-left: auto; margin-right: auto;\" src=\"https:\/\/www.europesays.com\/pt\/wp-content\/uploads\/2025\/12\/a07png17659903216942dfb1d7f4f.png\" alt=\"\" width=\"540\" height=\"304\"\/>Arq Luz Talk, realiza\u00e7\u00e3o da March\u00ea + Conceitto e Muriqui (Imagem: Siga Mais).<img loading=\"lazy\" decoding=\"async\" style=\"display: block; margin-left: auto; margin-right: auto;\" src=\"https:\/\/www.europesays.com\/pt\/wp-content\/uploads\/2025\/12\/a06png17659903346942dfbedbe4d.png\" alt=\"\" width=\"540\" height=\"304\"\/>Arq Luz Talk, realiza\u00e7\u00e3o da March\u00ea + Conceitto e Muriqui (Imagem: Siga Mais).<\/p>\n<p class=\"MsoNoSpacing\" style=\"text-align: justify;\">De acordo com Camila Tiveron, a proposta foi criar um momento de uni\u00e3o da classe e de aprofundamento t\u00e9cnico em um clima leve e colaborativo. \u201cHoje \u00e9 um dia muito especial para n\u00f3s arquitetos, e a nossa proposta foi de unir a nossa classe nesse encontro, onde trouxemos o tema da ilumina\u00e7\u00e3o e acessar mais informa\u00e7\u00f5es t\u00e9cnicas de conhecimento da luz e todo o conte\u00fado, juntos numa troca, num bate-papo bem gostoso, e confraternizar tamb\u00e9m esse encerramento de ano\u201d, afirmou. Ela tamb\u00e9m destacou o significado do per\u00edodo para as empresas parceiras e deixou uma mensagem aos colegas de profiss\u00e3o: \u201cPara n\u00f3s, da March\u00ea + Conceitto e da Muriqui, foi um ano muito especial, e que 2026 seja um ano iluminado para n\u00f3s. Parab\u00e9ns a todos os arquitetos, todos os profissionais maravilhosos\u201d.<\/p>\n<p class=\"MsoNoSpacing\" style=\"text-align: center;\"><img loading=\"lazy\" decoding=\"async\" style=\"display: block; margin-left: auto; margin-right: auto;\" src=\"https:\/\/www.europesays.com\/pt\/wp-content\/uploads\/2025\/12\/a04png17659903676942dfdf358dc.png\" alt=\"\" width=\"540\" height=\"304\"\/>Arq Luz Talk, realiza\u00e7\u00e3o da March\u00ea + Conceitto e Muriqui (Imagem: Siga Mais).<strong><img loading=\"lazy\" decoding=\"async\" style=\"display: block; margin-left: auto; margin-right: auto;\" src=\"https:\/\/www.europesays.com\/pt\/wp-content\/uploads\/2025\/12\/a03png17659905006942e064ee2ac.png\" alt=\"\" width=\"540\" height=\"304\"\/><\/strong>Arq Luz Talk, realiza\u00e7\u00e3o da March\u00ea + Conceitto e Muriqui (Imagem: Siga Mais).<\/p>\n<p class=\"MsoNoSpacing\" style=\"text-align: justify;\">Representando a March\u00ea + Conceitto, Raphael Benviniste ressaltou o car\u00e1ter colaborativo do encontro e a import\u00e2ncia da ilumina\u00e7\u00e3o para a arquitetura e a decora\u00e7\u00e3o. \u201cA gente buscou de novo essa confraria, essa coisa gostosa de um bate-papo, e estamos trazendo o tema de ilumina\u00e7\u00e3o, que \u00e9 o que d\u00e1 o encanto para a arquitetura e para os ambientes. Os caminhos da sombra s\u00e3o valorizados atrav\u00e9s de uma boa ilumina\u00e7\u00e3o, que tamb\u00e9m valoriza a boa decora\u00e7\u00e3o\u201d, explicou. Segundo ele, o evento cumpriu o objetivo de promover intera\u00e7\u00e3o e troca de conhecimentos: \u201c\u00c9 um vai e vem de troca de informa\u00e7\u00f5es, de layout, de projetos e de confraria mesmo. Um ambiente gostoso para todo mundo crescer\u201d.<\/p>\n<p class=\"MsoNoSpacing\" style=\"text-align: center;\"><img loading=\"lazy\" decoding=\"async\" style=\"display: block; margin-left: auto; margin-right: auto;\" src=\"https:\/\/www.europesays.com\/pt\/wp-content\/uploads\/2025\/12\/a02png17659903986942dffe4cfde.png\" alt=\"\" width=\"540\" height=\"304\"\/>Arq Luz Talk, realiza\u00e7\u00e3o da March\u00ea + Conceitto e Muriqui (Imagem: Siga Mais).<img loading=\"lazy\" decoding=\"async\" style=\"display: block; margin-left: auto; margin-right: auto;\" src=\"https:\/\/www.europesays.com\/pt\/wp-content\/uploads\/2025\/12\/a01png17659904136942e00de2a9c.png\" alt=\"\" width=\"540\" height=\"304\"\/>Arq Luz Talk, realiza\u00e7\u00e3o da March\u00ea + Conceitto e Muriqui (Imagem: Siga Mais).<\/p>\n<p class=\"MsoNoSpacing\" style=\"text-align: justify;\">O Arq Luz Talk marca o segundo evento assinado pela parceria entre March\u00ea + Conceitto e Muriqui Ambientes Infantis. O primeiro foi o <a style=\"color: #0000ff;\" href=\"https:\/\/www.sigamais.com\/noticias\/especial-publicitario\/encontro-em-adamantina-renne-arquitetos-discute-presenna-digital-e-promove-conexnes-profissionais\/\" target=\"_blank\" rel=\"noopener nofollow\"><strong>Conecta Talk<\/strong><\/a>, realizado em outubro, que reuniu arquitetos para discutir marketing digital, presen\u00e7a online e estrat\u00e9gias de posicionamento profissional, unindo inspira\u00e7\u00e3o, networking e aprendizado.<\/p>\n<p class=\"MsoNoSpacing\" style=\"text-align: justify;\">Com iniciativas como essa, as empresas refor\u00e7am o compromisso de fomentar o desenvolvimento profissional, incentivar a troca de conhecimentos e valorizar a arquitetura como atividade essencial para a qualidade dos espa\u00e7os e das cidades.<\/p>\n<p class=\"MsoNoSpacing\" style=\"text-align: justify;\"><strong>Conhe\u00e7a Muriqui e Marche + Conceitto<\/strong><\/p>\n<p class=\"MsoNoSpacing\" style=\"text-align: justify;\">Para saber mais, visite os showroons da Muriqui e Marche + Conceitto em Adamantina. A\u00a0<strong><a style=\"color: #0000ff;\" href=\"https:\/\/www.instagram.com\/muriquidecor\/\" target=\"_blank\" rel=\"noopener nofollow\">Muriqui<\/a><\/strong>\u00a0fica na Avenida Dr. Adhemar de Barros, 825, com mobili\u00e1rio e decora\u00e7\u00e3o infantis, e projetos personalizados.<\/p>\n<p class=\"MsoNoSpacing\" style=\"text-align: justify;\">A\u00a0<strong><a style=\"color: #0000ff;\" href=\"https:\/\/www.instagram.com\/marchecasaejardim\/\" target=\"_blank\" rel=\"noopener nofollow\">Marche<\/a>\u00a0<\/strong>+\u00a0<strong><a style=\"color: #0000ff;\" href=\"https:\/\/www.instagram.com\/conceitto2\/\" target=\"_blank\" rel=\"noopener nofollow\">Conceitto<\/a>\u00a0<\/strong>tem seu espa\u00e7o na rua Prefeito Ant\u00f4nio Cescon, 110, Parque dos Pioneiros, com solu\u00e7\u00f5es completas em paisagismo, jardinagem, mobili\u00e1rio externo, corporativo e residencial.<\/p>\n<p class=\"MsoNoSpacing\" style=\"text-align: justify;\"><strong>Ilumina\u00e7\u00e3o: o detalhe que transforma projetos e valoriza ambientes<\/strong><\/p>\n<p class=\"MsoNoSpacing\" style=\"text-align: justify;\">Muito al\u00e9m de cumprir a fun\u00e7\u00e3o b\u00e1sica de iluminar, a luz exerce papel determinante nos projetos arquitet\u00f4nicos e de interiores. Um bom projeto de ilumina\u00e7\u00e3o \u00e9 capaz de transformar espa\u00e7os, criar sensa\u00e7\u00f5es, valorizar materiais, destacar volumes e conferir identidade aos ambientes. \u00c9 por meio da luz que a arquitetura ganha leitura, profundidade e emo\u00e7\u00e3o.<\/p>\n<p class=\"MsoNoSpacing\" style=\"text-align: justify;\">Tecnicamente planejada, a ilumina\u00e7\u00e3o influencia diretamente no conforto visual, no bem-estar e at\u00e9 no comportamento das pessoas. Ambientes bem iluminados favorecem a concentra\u00e7\u00e3o, o relaxamento ou a intera\u00e7\u00e3o social, de acordo com a proposta do espa\u00e7o. A escolha correta de temperatura de cor, intensidade, direcionamento e pontos de luz \u00e9 decisiva para o resultado final do projeto.<\/p>\n<p class=\"MsoNoSpacing\" style=\"text-align: center;\"><img loading=\"lazy\" decoding=\"async\" style=\"display: block; margin-left: auto; margin-right: auto;\" src=\"https:\/\/www.europesays.com\/pt\/wp-content\/uploads\/2025\/12\/a13png17659901836942df27ada3d.png\" alt=\"\" width=\"540\" height=\"304\"\/>Arq Luz Talk, realiza\u00e7\u00e3o da March\u00ea + Conceitto e Muriqui (Imagem: Siga Mais).<\/p>\n<p class=\"MsoNoSpacing\" style=\"text-align: justify;\">Na decora\u00e7\u00e3o, a ilumina\u00e7\u00e3o atua como elemento de destaque, real\u00e7ando texturas, cores, obras de arte, m\u00f3veis e detalhes construtivos. O jogo entre luz e sombra cria cen\u00e1rios, hierarquiza elementos e confere sofistica\u00e7\u00e3o aos ambientes, tornando-os mais acolhedores, funcionais e esteticamente equilibrados.<\/p>\n<p class=\"MsoNoSpacing\" style=\"text-align: justify;\">Por isso, a ilumina\u00e7\u00e3o \u00e9 considerada uma das etapas mais importantes do processo projetual, exigindo conhecimento t\u00e9cnico, sensibilidade e integra\u00e7\u00e3o com a arquitetura e o design. Quando bem pensada, ela deixa de ser coadjuvante e assume papel protagonista, elevando o projeto a um novo patamar de qualidade e experi\u00eancia.<\/p>\n<p class=\"MsoNoSpacing\" style=\"text-align: center;\"><img loading=\"lazy\" decoding=\"async\" style=\"display: block; margin-left: auto; margin-right: auto;\" src=\"https:\/\/www.europesays.com\/pt\/wp-content\/uploads\/2025\/12\/ss1png17659906566942e100cda3a.png\" alt=\"\" width=\"540\" height=\"960\"\/>Espa\u00e7o March\u00ea + Conceitto em Adamantina (Imagem: Siga Mais).<\/p>\n<p>\t\t        <script async src=\"\/\/www.instagram.com\/embed.js\"><\/script><\/p>\n","protected":false},"excerpt":{"rendered":"A March\u00ea + Conceitto, em parceria com a Muriqui Ambientes Infantis, promoveu nesta segunda-feira (15) em Adamantina, em&hellip;\n","protected":false},"author":2,"featured_media":193627,"comment_status":"","ping_status":"","sticky":false,"template":"","format":"standard","meta":{"footnotes":""},"categories":[144],"tags":[30713,38846,207,205,206,203,201,202,38841,1875,204,114,115,26360,22870,38843,38844,38847,38842,23693,32,33,30714,38845],"class_list":{"0":"post-193626","1":"post","2":"type-post","3":"status-publish","4":"format-standard","5":"has-post-thumbnail","7":"category-arte-e-design","8":"tag-adamantina","9":"tag-area-gouemert","10":"tag-arte","11":"tag-arte-e-design","12":"tag-artedesign","13":"tag-arts","14":"tag-arts-and-design","15":"tag-artsanddesign","16":"tag-conceitto","17":"tag-decoracao","18":"tag-design","19":"tag-entertainment","20":"tag-entretenimento","21":"tag-jardinagem","22":"tag-marche","23":"tag-mobiliario-infantil","24":"tag-moveis-corporativos","25":"tag-moveis-para-piscina","26":"tag-muriqui","27":"tag-paisagismo","28":"tag-portugal","29":"tag-pt","30":"tag-sigamais","31":"tag-varanda"},"share_on_mastodon":{"url":"https:\/\/pubeurope.com\/@pt\/115741879650198016","error":""},"_links":{"self":[{"href":"https:\/\/www.europesays.com\/pt\/wp-json\/wp\/v2\/posts\/193626","targetHints":{"allow":["GET"]}}],"collection":[{"href":"https:\/\/www.europesays.com\/pt\/wp-json\/wp\/v2\/posts"}],"about":[{"href":"https:\/\/www.europesays.com\/pt\/wp-json\/wp\/v2\/types\/post"}],"author":[{"embeddable":true,"href":"https:\/\/www.europesays.com\/pt\/wp-json\/wp\/v2\/users\/2"}],"replies":[{"embeddable":true,"href":"https:\/\/www.europesays.com\/pt\/wp-json\/wp\/v2\/comments?post=193626"}],"version-history":[{"count":0,"href":"https:\/\/www.europesays.com\/pt\/wp-json\/wp\/v2\/posts\/193626\/revisions"}],"wp:featuredmedia":[{"embeddable":true,"href":"https:\/\/www.europesays.com\/pt\/wp-json\/wp\/v2\/media\/193627"}],"wp:attachment":[{"href":"https:\/\/www.europesays.com\/pt\/wp-json\/wp\/v2\/media?parent=193626"}],"wp:term":[{"taxonomy":"category","embeddable":true,"href":"https:\/\/www.europesays.com\/pt\/wp-json\/wp\/v2\/categories?post=193626"},{"taxonomy":"post_tag","embeddable":true,"href":"https:\/\/www.europesays.com\/pt\/wp-json\/wp\/v2\/tags?post=193626"}],"curies":[{"name":"wp","href":"https:\/\/api.w.org\/{rel}","templated":true}]}}