{"id":19363,"date":"2025-08-07T06:19:13","date_gmt":"2025-08-07T06:19:13","guid":{"rendered":"https:\/\/www.europesays.com\/pt\/19363\/"},"modified":"2025-08-07T06:19:13","modified_gmt":"2025-08-07T06:19:13","slug":"morreu-jane-etta-pitt-cnn-portugal","status":"publish","type":"post","link":"https:\/\/www.europesays.com\/pt\/19363\/","title":{"rendered":"Morreu Jane Etta Pitt &#8211; CNN Portugal"},"content":{"rendered":"<p>\t                &#8220;Ela era o amor na sua forma mais pura&#8221;<\/p>\n<p data-end=\"216\" data-start=\"49\">Morreu Jane Etta Pitt, tinha 84 anos. A causa da morte ainda n\u00e3o foi revelada.<\/p>\n<p data-end=\"467\" data-start=\"218\">Brad Pitt, filho de Jane Etta Pitt, e os dois irm\u00e3os mais novos, Doug e Julie, foram criados em Springfield, Missouri, pela m\u00e3e Jane, uma orientadora escolar reformada, e pelo pai William, ex-propriet\u00e1rio de uma empresa de transporte rodovi\u00e1rio.<\/p>\n<p data-end=\"467\" data-start=\"218\">Esta quarta-feira, a sobrinha do ator, Sydney, prestou homenagem a Jane nas redes sociais.<\/p>\n<p data-end=\"942\" data-start=\"727\">Atrav\u00e9s de um longo texto e de um carrossel afetuoso de fotografias ao lado da fam\u00edlia, a jovem mencionou que a sua av\u00f3 tinha &#8220;o maior cora\u00e7\u00e3o&#8221; e que &#8220;se importava profundamente com todos e tudo, sem fazer perguntas&#8221;.<\/p>\n<p data-end=\"1173\" data-start=\"944\">&#8220;A minha doce av\u00f3, Jane Etta&#8230; Ainda n\u00e3o est\u00e1vamos prontos para te ver partir, mas saber que agora est\u00e1s finalmente livre para cantar, dan\u00e7ar e pintar novamente torna tudo um pouco mais f\u00e1cil&#8221;, escreve.<\/p>\n<blockquote class=\"instagram-media\" data-instgrm-captioned=\"\" data-instgrm-permalink=\"https:\/\/www.instagram.com\/p\/DNBFZZGMxdo\/?utm_source=ig_embed&amp;utm_campaign=loading\" data-instgrm-version=\"14\" style=\" background:#FFF; border:0; border-radius:3px; box-shadow:0 0 1px 0 rgba(0,0,0,0.5),0 1px 10px 0 rgba(0,0,0,0.15); margin: 1px; max-width:540px; min-width:326px; padding:0; width:99.375%; width:-webkit-calc(100% - 2px); width:calc(100% - 2px);\">\n<\/blockquote>\n<p data-end=\"1173\" data-start=\"944\">Ao longo da homenagem, Sydney ainda menciona que a av\u00f3 &#8220;ensinou a pintar, a ser forte, a liderar com gentileza e a amar Jesus em todas as circunst\u00e2ncias&#8221;.<\/p>\n<p data-end=\"1693\" data-start=\"1354\">&#8220;Ela conseguia acompanhar todos os 14 netos sem perder o ritmo. N\u00e3o havia limite para o amor que ela dava e todos os que a conheciam sentiam isso. Eu n\u00e3o sei como vamos seguir em frente sem ela. Mas sei que ela ainda est\u00e1 aqui, em cada pincelada, em cada gesto gentil, em cada beija-flor. Ela era o amor na sua forma mais pura&#8221;, finaliza.<\/p>\n<p data-end=\"1739\" data-start=\"1519\">Durante uma exibi\u00e7\u00e3o especial do seu filme mais recente, F1, em junho, Brad Pitt <a href=\"http:\/\/www.today.com\/video\/brad-pitt-says-his-mom-watches-today-every-morning-241730629512\" target=\"_blank\" rel=\"nofollow noopener\">mandou uma mensagem para a m\u00e3e<\/a> enquanto conversava com a apresentadora Savannah Guthrie.<\/p>\n<p data-end=\"1968\" data-start=\"1741\">\u201cTenho de mandar um cumprimento \u00e0 minha m\u00e3e porque ela v\u00ea o teu programa todas as manh\u00e3s\u201d, disse \u00e0 apresentadora. \u201cPara Jane Pitt. Amo-te, m\u00e3e\u201d, acrescentou o ator, enquanto acenava e mandava um beijo para a c\u00e2mara.<\/p>\n<p data-end=\"2366\" data-start=\"1970\">Jane e William sempre se mantiveram discretos em rela\u00e7\u00e3o \u00e0 fama do filho, acompanhando-o apenas ocasionalmente\u00a0em eventos na red carpet.<\/p>\n<p> <img loading=\"lazy\" decoding=\"async\" alt=\"\" height=\"761\" src=\"https:\/\/www.europesays.com\/pt\/wp-content\/uploads\/2025\/08\/6893d8e4d34ef72ee4492b86.webp\" width=\"600\"\/><br \/>\n  <strong>Brad Pitt e Gwyneth Paltrow com os pais do ator na estreia do filme\u00a0The Devil&#8217;s Own, em Nova York, a 13 de mar\u00e7o de 1997 <\/strong>foto Marcel Thomas\/Online USA\/Getty Images <\/p>\n<p>\u00a0<\/p>\n<p data-end=\"2366\" data-start=\"1970\">O ator e os irm\u00e3os doaram um milh\u00e3o de d\u00f3lares a um hospital no Missouri em 2009, inaugurando uma nova ala batizada com o nome da m\u00e3e &#8211;\u00a0Jane Pitt Pediatric Cancer Center\u00a0-, para onde foram contratados os primeiros oncologistas e hematologistas pedi\u00e1tricos da regi\u00e3o sudoeste do Missouri, segundo a <a href=\"https:\/\/www.cbsnews.com\/news\/brad-pitt-family-give-1m-to-missouri-hospital\/\" target=\"_blank\" rel=\"nofollow noopener\">CBS News<\/a>.<\/p>\n<p data-end=\"3204\" data-is-last-node=\"\" data-is-only-node=\"\" data-start=\"2932\">Num v\u00eddeo para a organiza\u00e7\u00e3o <a href=\"https:\/\/www.youtube.com\/watch?v=3LH8deU0Yoc\" target=\"_blank\" rel=\"nofollow noopener\">WorldServe International<\/a>, Jane expressou orgulho pelos filhos e pelo trabalho filantr\u00f3pico deles. \u201cTenho muito orgulho em todos os meus filhos. Eles veem uma necessidade e tentam agir para a suprir\u201d, disse na \u00e9poca. \u201c\u00c9 algo incr\u00edvel.\u201d<\/p>\n<p> <img loading=\"lazy\" decoding=\"async\" alt=\"\" height=\"462\" src=\"https:\/\/www.europesays.com\/pt\/wp-content\/uploads\/2025\/08\/6893d8e4d34e3f0baea15cb6.webp\" width=\"600\"\/><br \/>\n  <strong>Brad Pitt (ao centro), acompanhado (da esquerda para a direita) de Pax Thien Jolie-Pitt, Shiloh Nouvel Jolie-Pitt, Maddox Jolie-Pitt, Jane Pitt e William Pitt na estreia do filme Unbroken no TCL Chinese Theatre IMAX,a 15 de dezembro de 2014, em Hollywood<\/strong> foto Jason LaVeris\/FilmMagic\/Getty Images <\/p>\n<p>\u00a0<\/p>\n<p>Brad Pitt tem seis filhos, fruto da sua antiga rela\u00e7\u00e3o com Angelina Jolie: Maddox (24), Pax (21), Zahara (20), Shiloh (19) e os g\u00e9meos Vivienne e Knox (17).<\/p>\n<p>\t            <script async src=\"\/\/www.instagram.com\/embed.js\"><\/script><\/p>\n","protected":false},"excerpt":{"rendered":"&#8220;Ela era o amor na sua forma mais pura&#8221; Morreu Jane Etta Pitt, tinha 84 anos. A causa&hellip;\n","protected":false},"author":2,"featured_media":19364,"comment_status":"","ping_status":"","sticky":false,"template":"","format":"standard","meta":{"footnotes":""},"categories":[145],"tags":[609,611,1753,27,211,210,470,607,608,315,3144,610,114,115,870,7168,570,170,7166,7167,150,13,32,33,941,2387,29],"class_list":{"0":"post-19363","1":"post","2":"type-post","3":"status-publish","4":"format-standard","5":"has-post-thumbnail","7":"category-celebridades","8":"tag-alerta","9":"tag-ao-minuto","10":"tag-artes","11":"tag-breaking-news","12":"tag-celebridades","13":"tag-celebrities","14":"tag-cinema","15":"tag-cnn","16":"tag-cnn-portugal","17":"tag-cultura","18":"tag-danca","19":"tag-direto","20":"tag-entertainment","21":"tag-entretenimento","22":"tag-eventos","23":"tag-jane-etta-pitt","24":"tag-live","25":"tag-livros","26":"tag-morreu-a-mae-de-brad-pitt","27":"tag-morte-mae-brad-pitt","28":"tag-musica","29":"tag-noticias","30":"tag-portugal","31":"tag-pt","32":"tag-series","33":"tag-teatro","34":"tag-ultimas"},"share_on_mastodon":{"url":"","error":""},"_links":{"self":[{"href":"https:\/\/www.europesays.com\/pt\/wp-json\/wp\/v2\/posts\/19363","targetHints":{"allow":["GET"]}}],"collection":[{"href":"https:\/\/www.europesays.com\/pt\/wp-json\/wp\/v2\/posts"}],"about":[{"href":"https:\/\/www.europesays.com\/pt\/wp-json\/wp\/v2\/types\/post"}],"author":[{"embeddable":true,"href":"https:\/\/www.europesays.com\/pt\/wp-json\/wp\/v2\/users\/2"}],"replies":[{"embeddable":true,"href":"https:\/\/www.europesays.com\/pt\/wp-json\/wp\/v2\/comments?post=19363"}],"version-history":[{"count":0,"href":"https:\/\/www.europesays.com\/pt\/wp-json\/wp\/v2\/posts\/19363\/revisions"}],"wp:featuredmedia":[{"embeddable":true,"href":"https:\/\/www.europesays.com\/pt\/wp-json\/wp\/v2\/media\/19364"}],"wp:attachment":[{"href":"https:\/\/www.europesays.com\/pt\/wp-json\/wp\/v2\/media?parent=19363"}],"wp:term":[{"taxonomy":"category","embeddable":true,"href":"https:\/\/www.europesays.com\/pt\/wp-json\/wp\/v2\/categories?post=19363"},{"taxonomy":"post_tag","embeddable":true,"href":"https:\/\/www.europesays.com\/pt\/wp-json\/wp\/v2\/tags?post=19363"}],"curies":[{"name":"wp","href":"https:\/\/api.w.org\/{rel}","templated":true}]}}