{"id":193637,"date":"2025-12-18T18:10:11","date_gmt":"2025-12-18T18:10:11","guid":{"rendered":"https:\/\/www.europesays.com\/pt\/193637\/"},"modified":"2025-12-18T18:10:11","modified_gmt":"2025-12-18T18:10:11","slug":"michi-vai-tornar-se-a-primeira-pessoa-em-cadeira-de-rodas-a-ir-ao-espaco","status":"publish","type":"post","link":"https:\/\/www.europesays.com\/pt\/193637\/","title":{"rendered":"&#8220;Michi&#8221; vai tornar-se a primeira pessoa em cadeira de rodas a ir ao Espa\u00e7o"},"content":{"rendered":"<p data-remotead-prev-elm=\"true\" data-remotead-elm-id=\"inread\">O foguet\u00e3o New Shepard vai levar Michaela &#8220;Michi&#8221; Benthaus, engenheira aeroespacial e mecatr\u00f3nica que sofreu uma les\u00e3o na medula espinhal ap\u00f3s um acidente de bicicleta de montanha, juntamente com outras cinco pessoas, numa jornada al\u00e9m da Linha de K\u00e1rm\u00e1n.<\/p>\n<p>Durante o voo de 10 a 12 minutos, o grupo experimentar\u00e1 v\u00e1rios minutos de microgravidade antes de regressar \u00e0 Terra. O voo est\u00e1 programado para descolar do Centro de Lan\u00e7amento Um da Blue Origin, no oeste do Texas, na quinta-feira, \u00e0s 9.30 horas locais (14.30 horas em Portugal continental).<\/p>\n<p>Benthaus, que trabalha para a Ag\u00eancia Espacial Europeia, dedicou a sua carreira \u00e0 colabora\u00e7\u00e3o cient\u00edfica para promover a explora\u00e7\u00e3o interplanet\u00e1ria, de acordo com a Blue Origin.<\/p>\n<p data-remotead-prev-elm=\"true\" data-remotead-elm-id=\"centro1\">Desde o acidente em 2018, tem defendido um maior acesso ao espa\u00e7o. Em 2022, Benthaus participou num voo de investiga\u00e7\u00e3o em gravidade zero e completou uma miss\u00e3o an\u00e1loga de astronauta, simulando atividades espaciais na Terra.<\/p>\n<p>Benthaus continua a praticar atividades desportivas fora do trabalho, incluindo t\u00e9nis em cadeira de rodas.<\/p>\n<p>Os outros cinco membros da equipa \u00e9 Joel Hyde, f\u00edsico e investidor quantitativo, que reside na Florida com a mulher e cinco filhos; Hans Koenigsmann, engenheiro aeroespacial germano-americano conhecido pelos seus esfor\u00e7os no desenvolvimento de espa\u00e7onaves e ve\u00edculos de lan\u00e7amento reutiliz\u00e1veis; Neal Milch, executivo e empreendedor que atualmente preside o Conselho de Curadores do Jackson Laboratory, onde defende a investiga\u00e7\u00e3o gen\u00e9tica para melhorar a sa\u00fade humana; Adonis Pouroulis, empres\u00e1rio e engenheiro de minera\u00e7\u00e3o com mais de 30 anos de experi\u00eancia em recursos naturais e energia; e Jason Stansell, entusiasta do espa\u00e7o e formado em ci\u00eancia da computa\u00e7\u00e3o, cujo voo \u00e9 uma homenagem ao irm\u00e3o, Kevin, que faleceu de cancro no c\u00e9rebro em 2016.<\/p>\n","protected":false},"excerpt":{"rendered":"O foguet\u00e3o New Shepard vai levar Michaela &#8220;Michi&#8221; Benthaus, engenheira aeroespacial e mecatr\u00f3nica que sofreu uma les\u00e3o na&hellip;\n","protected":false},"author":2,"featured_media":193638,"comment_status":"","ping_status":"","sticky":false,"template":"","format":"standard","meta":{"footnotes":""},"categories":[50],"tags":[31894,27,28,16786,1008,15,16,14,25,26,21,22,62,12,13,19,20,23,24,17,18,29,30,31,63,64,65],"class_list":{"0":"post-193637","1":"post","2":"type-post","3":"status-publish","4":"format-standard","5":"has-post-thumbnail","7":"category-mundo","8":"tag-blue-origin","9":"tag-breaking-news","10":"tag-breakingnews","11":"tag-cadeira-de-rodas","12":"tag-espaco","13":"tag-featured-news","14":"tag-featurednews","15":"tag-headlines","16":"tag-latest-news","17":"tag-latestnews","18":"tag-main-news","19":"tag-mainnews","20":"tag-mundo","21":"tag-news","22":"tag-noticias","23":"tag-noticias-principais","24":"tag-noticiasprincipais","25":"tag-principais-noticias","26":"tag-principaisnoticias","27":"tag-top-stories","28":"tag-topstories","29":"tag-ultimas","30":"tag-ultimas-noticias","31":"tag-ultimasnoticias","32":"tag-world","33":"tag-world-news","34":"tag-worldnews"},"share_on_mastodon":{"url":"https:\/\/pubeurope.com\/@pt\/115741918710485448","error":""},"_links":{"self":[{"href":"https:\/\/www.europesays.com\/pt\/wp-json\/wp\/v2\/posts\/193637","targetHints":{"allow":["GET"]}}],"collection":[{"href":"https:\/\/www.europesays.com\/pt\/wp-json\/wp\/v2\/posts"}],"about":[{"href":"https:\/\/www.europesays.com\/pt\/wp-json\/wp\/v2\/types\/post"}],"author":[{"embeddable":true,"href":"https:\/\/www.europesays.com\/pt\/wp-json\/wp\/v2\/users\/2"}],"replies":[{"embeddable":true,"href":"https:\/\/www.europesays.com\/pt\/wp-json\/wp\/v2\/comments?post=193637"}],"version-history":[{"count":0,"href":"https:\/\/www.europesays.com\/pt\/wp-json\/wp\/v2\/posts\/193637\/revisions"}],"wp:featuredmedia":[{"embeddable":true,"href":"https:\/\/www.europesays.com\/pt\/wp-json\/wp\/v2\/media\/193638"}],"wp:attachment":[{"href":"https:\/\/www.europesays.com\/pt\/wp-json\/wp\/v2\/media?parent=193637"}],"wp:term":[{"taxonomy":"category","embeddable":true,"href":"https:\/\/www.europesays.com\/pt\/wp-json\/wp\/v2\/categories?post=193637"},{"taxonomy":"post_tag","embeddable":true,"href":"https:\/\/www.europesays.com\/pt\/wp-json\/wp\/v2\/tags?post=193637"}],"curies":[{"name":"wp","href":"https:\/\/api.w.org\/{rel}","templated":true}]}}