{"id":193641,"date":"2025-12-18T18:14:18","date_gmt":"2025-12-18T18:14:18","guid":{"rendered":"https:\/\/www.europesays.com\/pt\/193641\/"},"modified":"2025-12-18T18:14:18","modified_gmt":"2025-12-18T18:14:18","slug":"morte-de-fisico-israel-investiga-se-ha-envolvimento-do-irao-observador","status":"publish","type":"post","link":"https:\/\/www.europesays.com\/pt\/193641\/","title":{"rendered":"Morte de f\u00edsico. Israel investiga se h\u00e1 envolvimento do Ir\u00e3o \u2013 Observador"},"content":{"rendered":"<p>As autoridades israelitas estar\u00e3o a investigar informa\u00e7\u00f5es com origem nos servi\u00e7os secretos que apontam para a possibilidade de um envolvimento do Ir\u00e3o no homic\u00eddio do f\u00edsico portugu\u00eas Nuno Loureiro, nos EUA, avan\u00e7a o <a href=\"https:\/\/www.jpost.com\/middle-east\/iran-news\/article-880573\" rel=\"nofollow noopener\" target=\"_blank\">Jerusalem Post.<\/a>\u00a0 No entanto, esta \u00e9 uma linha de investiga\u00e7\u00e3o que ainda n\u00e3o foi corroborada, at\u00e9 agora, pelas autoridades dos Estados Unidos, ressalva o jornal.<\/p>\n<p>At\u00e9 agora, a<strong>s autoridades norte-americanas n\u00e3o se referiram publicamente a qualquer envolvimento do Ir\u00e3o<\/strong> no assassinato de Nuno Loureiro \u2014 baleado \u00e0 porta de casa em Brookline, nos arredores de Boston, no estado do Massachusetts, na segunda-feira \u00e0 noite. O gabinete do procurador de Norfolk, o condado onde o cientista portugu\u00eas vivia, adiantou apenas, esta quarta-feira, que a investiga\u00e7\u00e3o do homic\u00eddio estava \u201cativa e em curso\u201d e que n\u00e3o havia atualiza\u00e7\u00f5es.<\/p>\n<blockquote class=\"wp-embedded-content\" data-secret=\"IYpJaDelu9\">\n<p><a href=\"https:\/\/observador.pt\/2025\/12\/18\/policia-continua-a-procura-do-suspeito-do-homicidio-do-fisico-portugues-do-mit-nuno-loureiro\/\" rel=\"nofollow noopener\" target=\"_blank\">Pol\u00edcia continua \u00e0 procura do suspeito do homic\u00eddio do f\u00edsico portugu\u00eas do MIT Nuno Loureiro<\/a><\/p>\n<\/blockquote>\n<p>No mesmo artigo em que refere que as autoridades israelitas est\u00e3o a investigar uma poss\u00edvel liga\u00e7\u00e3o do Ir\u00e3o \u00e0 morte de Nuno Loureiro, o Jerusalem Post sublinha que o cientista portugu\u00eas de 47 anos (que vivia nos EUA desde 2016) tinha assumido posi\u00e7\u00f5es pr\u00f3-Israel no passado. No entanto, n\u00e3o h\u00e1 qualquer evid\u00eancia que suporte essa ideia.<\/p>\n<p>Casado e pai de tr\u00eas filhas, Nuno Loureiro foi nomeado no ano passado para liderar o Centro de Ci\u00eancia do Plasma e Fus\u00e3o do MIT, onde trabalhou para promover a tecnologia de energias limpas e outras \u00e1reas de investiga\u00e7\u00e3o.<\/p>\n","protected":false},"excerpt":{"rendered":"As autoridades israelitas estar\u00e3o a investigar informa\u00e7\u00f5es com origem nos servi\u00e7os secretos que apontam para a possibilidade de&hellip;\n","protected":false},"author":2,"featured_media":193642,"comment_status":"","ping_status":"","sticky":false,"template":"","format":"standard","meta":{"footnotes":""},"categories":[8],"tags":[624,27,28,623,15,16,14,11208,259,25,26,21,22,310,62,12,13,19,20,32,23,24,33,17,18,29,30,31],"class_list":{"0":"post-193641","1":"post","2":"type-post","3":"status-publish","4":"format-standard","5":"has-post-thumbnail","7":"category-principais-noticias","8":"tag-amu00e9rica","9":"tag-breaking-news","10":"tag-breakingnews","11":"tag-estados-unidos-da-amu00e9rica","12":"tag-featured-news","13":"tag-featurednews","14":"tag-headlines","15":"tag-iru00e3o","16":"tag-israel","17":"tag-latest-news","18":"tag-latestnews","19":"tag-main-news","20":"tag-mainnews","21":"tag-mu00e9dio-oriente","22":"tag-mundo","23":"tag-news","24":"tag-noticias","25":"tag-noticias-principais","26":"tag-noticiasprincipais","27":"tag-portugal","28":"tag-principais-noticias","29":"tag-principaisnoticias","30":"tag-pt","31":"tag-top-stories","32":"tag-topstories","33":"tag-ultimas","34":"tag-ultimas-noticias","35":"tag-ultimasnoticias"},"share_on_mastodon":{"url":"https:\/\/pubeurope.com\/@pt\/115741934526937777","error":""},"_links":{"self":[{"href":"https:\/\/www.europesays.com\/pt\/wp-json\/wp\/v2\/posts\/193641","targetHints":{"allow":["GET"]}}],"collection":[{"href":"https:\/\/www.europesays.com\/pt\/wp-json\/wp\/v2\/posts"}],"about":[{"href":"https:\/\/www.europesays.com\/pt\/wp-json\/wp\/v2\/types\/post"}],"author":[{"embeddable":true,"href":"https:\/\/www.europesays.com\/pt\/wp-json\/wp\/v2\/users\/2"}],"replies":[{"embeddable":true,"href":"https:\/\/www.europesays.com\/pt\/wp-json\/wp\/v2\/comments?post=193641"}],"version-history":[{"count":0,"href":"https:\/\/www.europesays.com\/pt\/wp-json\/wp\/v2\/posts\/193641\/revisions"}],"wp:featuredmedia":[{"embeddable":true,"href":"https:\/\/www.europesays.com\/pt\/wp-json\/wp\/v2\/media\/193642"}],"wp:attachment":[{"href":"https:\/\/www.europesays.com\/pt\/wp-json\/wp\/v2\/media?parent=193641"}],"wp:term":[{"taxonomy":"category","embeddable":true,"href":"https:\/\/www.europesays.com\/pt\/wp-json\/wp\/v2\/categories?post=193641"},{"taxonomy":"post_tag","embeddable":true,"href":"https:\/\/www.europesays.com\/pt\/wp-json\/wp\/v2\/tags?post=193641"}],"curies":[{"name":"wp","href":"https:\/\/api.w.org\/{rel}","templated":true}]}}