{"id":193644,"date":"2025-12-18T18:18:13","date_gmt":"2025-12-18T18:18:13","guid":{"rendered":"https:\/\/www.europesays.com\/pt\/193644\/"},"modified":"2025-12-18T18:18:13","modified_gmt":"2025-12-18T18:18:13","slug":"manuel-luis-goucha-rendido-a-jovem-ator-e-maravilhoso","status":"publish","type":"post","link":"https:\/\/www.europesays.com\/pt\/193644\/","title":{"rendered":"Manuel Lu\u00eds Goucha rendido a jovem ator: &#8220;\u00c9 maravilhoso&#8221;"},"content":{"rendered":"<p>Manuel Lu\u00eds Goucha assumiu, em conversa com a imprensa, que acompanha a novela da TVI &#8220;Terra Forte&#8221;.<\/p>\n<p>A certa altura, o apresentador elogiou Tom\u00e1s Taborda, que interpreta a personagem Dudu Goulart. &#8220;Aquele jovem ator, o Tom\u00e1s Taborda, \u00e9 maravilhoso&#8221;, disse o marido de Rui Oliveira Nunes.<\/p>\n<p>Durante a conversa, Manuel Lu\u00eds Goucha assumiu, ainda,<a href=\"https:\/\/selfie.iol.pt\/famosos\/manuel-luis-goucha\/manuel-luis-goucha-assume-ser-fa-de-novela-da-tvi-e-elogia-atriz-ate-as-respiracoes-estao-certas\/20251210\/6939589ed34e3caad84c3494\" target=\"_blank\" rel=\"nofollow noopener\"> ser f\u00e3 de Cust\u00f3dia Gallego e destacou os pap\u00e9is de Rita Pereira e Benedita Pereira<\/a>.<\/p>\n","protected":false},"excerpt":{"rendered":"Manuel Lu\u00eds Goucha assumiu, em conversa com a imprensa, que acompanha a novela da TVI &#8220;Terra Forte&#8221;. A&hellip;\n","protected":false},"author":2,"featured_media":193645,"comment_status":"","ping_status":"","sticky":false,"template":"","format":"standard","meta":{"footnotes":""},"categories":[142],"tags":[114,115,741,980,3416,619,4546,32,33,1012,18614,27916,151],"class_list":{"0":"post-193644","1":"post","2":"type-post","3":"status-publish","4":"format-standard","5":"has-post-thumbnail","7":"category-tv","8":"tag-entertainment","9":"tag-entretenimento","10":"tag-entrevista","11":"tag-famosos","12":"tag-manuel-luis-goucha","13":"tag-nacional","14":"tag-novelas-tvi","15":"tag-portugal","16":"tag-pt","17":"tag-selfie","18":"tag-terra-forte","19":"tag-tomas-taborda","20":"tag-tv"},"share_on_mastodon":{"url":"https:\/\/pubeurope.com\/@pt\/115741950157307620","error":""},"_links":{"self":[{"href":"https:\/\/www.europesays.com\/pt\/wp-json\/wp\/v2\/posts\/193644","targetHints":{"allow":["GET"]}}],"collection":[{"href":"https:\/\/www.europesays.com\/pt\/wp-json\/wp\/v2\/posts"}],"about":[{"href":"https:\/\/www.europesays.com\/pt\/wp-json\/wp\/v2\/types\/post"}],"author":[{"embeddable":true,"href":"https:\/\/www.europesays.com\/pt\/wp-json\/wp\/v2\/users\/2"}],"replies":[{"embeddable":true,"href":"https:\/\/www.europesays.com\/pt\/wp-json\/wp\/v2\/comments?post=193644"}],"version-history":[{"count":0,"href":"https:\/\/www.europesays.com\/pt\/wp-json\/wp\/v2\/posts\/193644\/revisions"}],"wp:featuredmedia":[{"embeddable":true,"href":"https:\/\/www.europesays.com\/pt\/wp-json\/wp\/v2\/media\/193645"}],"wp:attachment":[{"href":"https:\/\/www.europesays.com\/pt\/wp-json\/wp\/v2\/media?parent=193644"}],"wp:term":[{"taxonomy":"category","embeddable":true,"href":"https:\/\/www.europesays.com\/pt\/wp-json\/wp\/v2\/categories?post=193644"},{"taxonomy":"post_tag","embeddable":true,"href":"https:\/\/www.europesays.com\/pt\/wp-json\/wp\/v2\/tags?post=193644"}],"curies":[{"name":"wp","href":"https:\/\/api.w.org\/{rel}","templated":true}]}}