{"id":193659,"date":"2025-12-18T18:29:13","date_gmt":"2025-12-18T18:29:13","guid":{"rendered":"https:\/\/www.europesays.com\/pt\/193659\/"},"modified":"2025-12-18T18:29:13","modified_gmt":"2025-12-18T18:29:13","slug":"de-ferias-em-madri-virginia-desabafa-tudo-errado","status":"publish","type":"post","link":"https:\/\/www.europesays.com\/pt\/193659\/","title":{"rendered":"De f\u00e9rias em Madri, Virginia desabafa: \u2018Tudo errado\u2019"},"content":{"rendered":"<p>Ap\u00f3s passar alguns dias em sua mans\u00e3o em Goi\u00e2nia (GO), a influenciadora digital <strong><a href=\"https:\/\/caras.com.br\/tags\/virginia\" rel=\"nofollow noopener\" target=\"_blank\">Virginia Fonseca<\/a><\/strong> desembarcou em Madri, na Espanha, nesta quarta-feira, 17,\u00a0 para<a href=\"https:\/\/caras.com.br\/fashion\/virginia-exibe-um-dos-looks-que-vai-usar-para-rever-vini-jr.phtml\" rel=\"nofollow noopener\" target=\"_blank\"> reencontrar o namorado,<\/a> o jogador de futebol <a href=\"https:\/\/caras.com.br\/tags\/vini-jr\" rel=\"nofollow noopener\" target=\"_blank\">Vini Jr.<\/a> J\u00e1 na manh\u00e3 desta quinta-feira, 18, ela usou as redes sociais para fazer um desabafo sobre sua rotina durante as f\u00e9rias.<\/p>\n<p>Ap\u00f3s se despedir dos f\u00e3s \u00e0s 1h07 (hor\u00e1rio de Madri) e 21h07 (hor\u00e1rio de Bras\u00edlia), Virginia reapareceu \u00e0s 13h26 (hor\u00e1rio de Madri) e 9h26 (hor\u00e1rio de Bras\u00edlia) para fazer um desabafo.<\/p>\n<p>\u201cJ\u00e1 estou aqui tomando minhas c\u00e1psulas. O pessoal j\u00e1 est\u00e1 treinando, mas eu n\u00e3o consegui dormir. Fui dormir super tarde. Deitei naquele hor\u00e1rio, mas n\u00e3o consegui dormir. Acabei dormindo muito tarde e acordei agora, nesse hor\u00e1rio. Tudo errado\u201d, contou.<\/p>\n<p>Nesta quarta-feira, a artista mostrou sua chegada \u00e0 Europa nos stories do Instagram. Ela viajou acompanhada de alguns amigos e j\u00e1 est\u00e1 hospedada na mans\u00e3o do amado.<\/p>\n<p>Nos stories, ela apareceu dentro do closet de Vini enquanto arrumada suas malas e roupas. \u201cChegamos aqui e foi o maior rol\u00ea. A mala do Nicolas n\u00e3o tinha chegado, ficamos esperando. Chegamos em casa e fomos comer, arrumar minhas coisas e agora estou aqui\u201d, contou.<\/p>\n<p> Virginia vai passar Ano Novo com Vini Jr. <\/p>\n<p>Recentemente, Virginia comentou seus planos para o fim do ano ao lado do namorado. \u201cInclusive, ele treina dia primeiro, ent\u00e3o Ano Novo, ele tem que dormir logo cedo, deu meia noite tem que dormir, porque treina no dia seguinte. Ent\u00e3o a agenda dele \u00e9 muito corrida, n\u00e3o tem como cobrar isso dele\u201d,\u00a0contou.<\/p>\n<p>Na \u00faltima segunda-feira, 15, el<a href=\"https:\/\/caras.com.br\/fashion\/virginia-exibe-um-dos-looks-que-vai-usar-para-rever-vini-jr.phtml\" rel=\"nofollow noopener\" target=\"_blank\">a surgiu com casaco de frio na cor bege,<\/a> j\u00e1 que estar\u00e1 frio na Europa durante o r\u00e9veillon. \u201cAno Novo vai ser no frio, e n\u00f3s que lute\u201d, brincou na legenda. Por enquanto, Virginia n\u00e3o contou onde vai passar o Natal.<\/p>\n<p><strong>Leia tamb\u00e9m<\/strong>:\u00a0<a href=\"https:\/\/caras.com.br\/atualidades\/virginia-fonseca-reflete-sobre-seu-ano-de-2025.phtml\" rel=\"nofollow noopener\" target=\"_blank\">Virginia Fonseca reflete sobre seu ano de 2025<\/a><\/p>\n<blockquote class=\"instagram-media\" style=\"background: #FFF; border: 0; border-radius: 3px; box-shadow: 0 0 1px 0 rgba(0,0,0,0.5),0 1px 10px 0 rgba(0,0,0,0.15); margin: 1px; max-width: 540px; min-width: 326px; padding: 0; width: calc(100% - 2px);\" data-instgrm-captioned=\"\" data-instgrm-permalink=\"https:\/\/www.instagram.com\/p\/DSIt06XEi-1\/?utm_source=ig_embed&amp;utm_campaign=loading\" data-instgrm-version=\"14\"><\/blockquote>\n<p>        <a href=\"https:\/\/caras.com.br\/autor\/juliana-dracz\" rel=\"nofollow noopener\" target=\"_blank\">&#13;<br \/>\n          <img loading=\"lazy\" decoding=\"async\" alt=\"Juliana Dracz\" src=\"https:\/\/www.europesays.com\/pt\/wp-content\/uploads\/2025\/09\/436551461_2434711450057729_5105646040807821088_n_sqmd.png\" class=\"avatar avatar-115 photo rounded-circle\" height=\"115\" width=\"115\"\/>        <\/a><\/p>\n<p>Juliana Dracz \u00e9 rep\u00f3rter de conte\u00fado do site CARAS. Formada em Jornalismo pela Universidade Cat\u00f3lica de Bras\u00edlia, ela j\u00e1 trabalhou em grandes sites de entretenimento. Atualmente, escreve sobre novelas, celebridades e TV.<\/p>\n<p>\t                                            <script async src=\"\/\/www.instagram.com\/embed.js\"><\/script><\/p>\n","protected":false},"excerpt":{"rendered":"Ap\u00f3s passar alguns dias em sua mans\u00e3o em Goi\u00e2nia (GO), a influenciadora digital Virginia Fonseca desembarcou em Madri,&hellip;\n","protected":false},"author":2,"featured_media":193660,"comment_status":"","ping_status":"","sticky":false,"template":"","format":"standard","meta":{"footnotes":""},"categories":[145],"tags":[211,210,114,115,32,33,973],"class_list":{"0":"post-193659","1":"post","2":"type-post","3":"status-publish","4":"format-standard","5":"has-post-thumbnail","7":"category-celebridades","8":"tag-celebridades","9":"tag-celebrities","10":"tag-entertainment","11":"tag-entretenimento","12":"tag-portugal","13":"tag-pt","14":"tag-virginia"},"share_on_mastodon":{"url":"https:\/\/pubeurope.com\/@pt\/115741993932088490","error":""},"_links":{"self":[{"href":"https:\/\/www.europesays.com\/pt\/wp-json\/wp\/v2\/posts\/193659","targetHints":{"allow":["GET"]}}],"collection":[{"href":"https:\/\/www.europesays.com\/pt\/wp-json\/wp\/v2\/posts"}],"about":[{"href":"https:\/\/www.europesays.com\/pt\/wp-json\/wp\/v2\/types\/post"}],"author":[{"embeddable":true,"href":"https:\/\/www.europesays.com\/pt\/wp-json\/wp\/v2\/users\/2"}],"replies":[{"embeddable":true,"href":"https:\/\/www.europesays.com\/pt\/wp-json\/wp\/v2\/comments?post=193659"}],"version-history":[{"count":0,"href":"https:\/\/www.europesays.com\/pt\/wp-json\/wp\/v2\/posts\/193659\/revisions"}],"wp:featuredmedia":[{"embeddable":true,"href":"https:\/\/www.europesays.com\/pt\/wp-json\/wp\/v2\/media\/193660"}],"wp:attachment":[{"href":"https:\/\/www.europesays.com\/pt\/wp-json\/wp\/v2\/media?parent=193659"}],"wp:term":[{"taxonomy":"category","embeddable":true,"href":"https:\/\/www.europesays.com\/pt\/wp-json\/wp\/v2\/categories?post=193659"},{"taxonomy":"post_tag","embeddable":true,"href":"https:\/\/www.europesays.com\/pt\/wp-json\/wp\/v2\/tags?post=193659"}],"curies":[{"name":"wp","href":"https:\/\/api.w.org\/{rel}","templated":true}]}}