{"id":193661,"date":"2025-12-18T18:30:09","date_gmt":"2025-12-18T18:30:09","guid":{"rendered":"https:\/\/www.europesays.com\/pt\/193661\/"},"modified":"2025-12-18T18:30:09","modified_gmt":"2025-12-18T18:30:09","slug":"fotografa-baiana-vence-concurso-internacional-e-expoe-trabalho-em-portugal","status":"publish","type":"post","link":"https:\/\/www.europesays.com\/pt\/193661\/","title":{"rendered":"Fot\u00f3grafa baiana vence concurso internacional e exp\u00f5e trabalho em Portugal"},"content":{"rendered":"<p>A fot\u00f3grafa e videomaker baiana Ana Vict\u00f3ria Otoni venceu o Concurso Internacional da Lumicroma, realizado em Portugal, com a imagem \u201cNos la\u00e7os do toque: O milagre da vida\u201d, produzida em Salvador, em 2023, durante um parto. O concurso teve como tema \u201cJoy\u201d (alegria) e reuniu milhares de fotografias de 64 pa\u00edses, com sele\u00e7\u00e3o final por voto popular.<\/p>\n<p>Especializada em fotografia de parto e fam\u00edlia, Ana Vict\u00f3ria destaca que a imagem vencedora valoriza o corpo feminino e o contato pele a pele como pr\u00e1tica respaldada pela ci\u00eancia. O registro foi feito durante o parto domiciliar planejado de Clis Mariana, m\u00e3e da beb\u00ea Flora, com assist\u00eancia do Coletivo Sobreparto e das parteiras Tanila Amorim e Rafaela Ferreira.<\/p>\n<p><img fetchpriority=\"high\" decoding=\"async\" aria-describedby=\"caption-attachment-234831\" class=\"wp-image-234831 size-medium\" src=\"https:\/\/www.europesays.com\/pt\/wp-content\/uploads\/2025\/12\/WhatsApp-Image-2025-12-18-at-13.48.40-480x720.jpeg\" alt=\"\" width=\"480\" height=\"720\"  \/><\/p>\n<p id=\"caption-attachment-234831\" class=\"wp-caption-text\">Ana Vict\u00f3ria Otoni<\/p>\n<p>A fotografia integrou a exposi\u00e7\u00e3o In Colors Project, da Lumicroma, exibida nas cidades portuguesas de S\u00e3o Jo\u00e3o da Madeira e Porto, ao lado de outras imagens selecionadas. A mostra re\u00fane 75 obras de 56 artistas de 22 pa\u00edses e prop\u00f5e uma reflex\u00e3o sobre as diferentes express\u00f5es da alegria no mundo contempor\u00e2neo.<\/p>\n<p>Criadora da Rosa Branca Fotografia, Ana Vict\u00f3ria tem atua\u00e7\u00e3o voltada \u00e0 documenta\u00e7\u00e3o de nascimentos com base em evid\u00eancias cient\u00edficas, valorizando o protagonismo feminino e a preserva\u00e7\u00e3o da mem\u00f3ria. Ap\u00f3s cinco anos fotografando partos na Bahia, a artista vive atualmente em Lisboa, onde cursa Fotografia e Cultura Visual no IADE.<\/p>\n<p>A exposi\u00e7\u00e3o tamb\u00e9m pode ser visitada online no site da Lumicroma.<\/p>\n<p>\u00a0<\/p>\n","protected":false},"excerpt":{"rendered":"A fot\u00f3grafa e videomaker baiana Ana Vict\u00f3ria Otoni venceu o Concurso Internacional da Lumicroma, realizado em Portugal, com&hellip;\n","protected":false},"author":2,"featured_media":193662,"comment_status":"","ping_status":"","sticky":false,"template":"","format":"standard","meta":{"footnotes":""},"categories":[144],"tags":[207,205,206,203,201,202,204,114,115,32,33],"class_list":{"0":"post-193661","1":"post","2":"type-post","3":"status-publish","4":"format-standard","5":"has-post-thumbnail","7":"category-arte-e-design","8":"tag-arte","9":"tag-arte-e-design","10":"tag-artedesign","11":"tag-arts","12":"tag-arts-and-design","13":"tag-artsanddesign","14":"tag-design","15":"tag-entertainment","16":"tag-entretenimento","17":"tag-portugal","18":"tag-pt"},"share_on_mastodon":{"url":"https:\/\/pubeurope.com\/@pt\/115741997627249973","error":""},"_links":{"self":[{"href":"https:\/\/www.europesays.com\/pt\/wp-json\/wp\/v2\/posts\/193661","targetHints":{"allow":["GET"]}}],"collection":[{"href":"https:\/\/www.europesays.com\/pt\/wp-json\/wp\/v2\/posts"}],"about":[{"href":"https:\/\/www.europesays.com\/pt\/wp-json\/wp\/v2\/types\/post"}],"author":[{"embeddable":true,"href":"https:\/\/www.europesays.com\/pt\/wp-json\/wp\/v2\/users\/2"}],"replies":[{"embeddable":true,"href":"https:\/\/www.europesays.com\/pt\/wp-json\/wp\/v2\/comments?post=193661"}],"version-history":[{"count":0,"href":"https:\/\/www.europesays.com\/pt\/wp-json\/wp\/v2\/posts\/193661\/revisions"}],"wp:featuredmedia":[{"embeddable":true,"href":"https:\/\/www.europesays.com\/pt\/wp-json\/wp\/v2\/media\/193662"}],"wp:attachment":[{"href":"https:\/\/www.europesays.com\/pt\/wp-json\/wp\/v2\/media?parent=193661"}],"wp:term":[{"taxonomy":"category","embeddable":true,"href":"https:\/\/www.europesays.com\/pt\/wp-json\/wp\/v2\/categories?post=193661"},{"taxonomy":"post_tag","embeddable":true,"href":"https:\/\/www.europesays.com\/pt\/wp-json\/wp\/v2\/tags?post=193661"}],"curies":[{"name":"wp","href":"https:\/\/api.w.org\/{rel}","templated":true}]}}