{"id":193677,"date":"2025-12-18T18:44:34","date_gmt":"2025-12-18T18:44:34","guid":{"rendered":"https:\/\/www.europesays.com\/pt\/193677\/"},"modified":"2025-12-18T18:44:34","modified_gmt":"2025-12-18T18:44:34","slug":"a-culpa-e-do-brexit","status":"publish","type":"post","link":"https:\/\/www.europesays.com\/pt\/193677\/","title":{"rendered":"a culpa \u00e9 do Brexit"},"content":{"rendered":"<p>                <b>A &#8220;ligeira diminui\u00e7\u00e3o&#8221; deve-se sobretudo aos efeitos do Brexit sobre a emigra\u00e7\u00e3o portuguesa para o Reino Unido, que baixou 37 por cento entre 2023 e 2024.<\/b> As limita\u00e7\u00f5es criadas pela sa\u00edda do pa\u00eds da Uni\u00e3o Europeia, em 2020, continuam a travar a emigra\u00e7\u00e3o dos portugueses. <\/p>\n<p>Apesar de uma &#8220;ligeira desacelera\u00e7\u00e3o&#8221; no n\u00famero de sa\u00eddas, as <a href=\"https:\/\/observatorioemigracao.pt\/np4\/10584.html\" target=\"_blank\" rel=\"nofollow noopener\">Estimativas da Emigra\u00e7\u00e3o Portuguesa 2024<\/a>\u00a0apontam para uma &#8220;trajet\u00f3ria de estabiliza\u00e7\u00e3o dos fluxos emigrat\u00f3rios em torno de valores pr\u00f3ximos dos registados na primeira d\u00e9cada deste s\u00e9culo&#8221;.<\/p>\n<p><img decoding=\"async\" src=\"https:\/\/www.europesays.com\/pt\/wp-content\/uploads\/2025\/12\/95aee0ef6a28c837d6803b1640cfd055\"\/><\/p>\n<p>&#13;<br \/>\nObservat\u00f3rio da Emigra\u00e7\u00e3o\u00a0&#13;<br \/>\n&#13;\n<\/p>\n<p><b>Su\u00ed\u00e7a e Espanha continuaram a ser os principais destinos da emigra\u00e7\u00e3o portuguesa.<\/b> As estimativas apontam para 12,388 entradas na Sui\u00e7a e 11,332 em Espanha.<br \/>\n          <img decoding=\"async\" itemprop=\"image\" class=\"img-fluid\"   src=\"https:\/\/www.europesays.com\/pt\/wp-content\/uploads\/2025\/12\/61059d35ce2c051dcf8fb4fecb8df1e7_N.jpg\"\/><\/p>\n<p>Jornal da Tarde | 18 de dezembro de 2025&#13;<\/p>\n<p>&#13;<br \/>\nFran\u00e7a dever\u00e1 ter sido o terceiro pa\u00eds de destino, embora n\u00e3o haja ainda dados para 2024 (em 2023, entraram 7,426 portugueses neste pa\u00eds). &#13;\n<\/p>\n<p>&#13;<br \/>\n<b>Em quarto lugar surge a Alemanha, com 7,410 entradas. &#13;<br \/>\n<\/b>&#13;\n<\/p>\n<p>&#13;<br \/>\nSeguem-se os pa\u00edses do Benelux: B\u00e9lgica (5,471), Pa\u00edses Baixos (4,795) e Luxemburgo (3,469).&#13;\n<\/p>\n<p>\nO Observat\u00f3rio da Emigra\u00e7\u00e3o \u00e9 uma estrutura t\u00e9cnica e de investiga\u00e7\u00e3o independente integrada no Centro de Investiga\u00e7\u00e3o e Estudos de Sociologia (CIES) do Iscte, Instituto Universit\u00e1rio de Lisboa.<\/p>\n","protected":false},"excerpt":{"rendered":"A &#8220;ligeira diminui\u00e7\u00e3o&#8221; deve-se sobretudo aos efeitos do Brexit sobre a emigra\u00e7\u00e3o portuguesa para o Reino Unido, que&hellip;\n","protected":false},"author":2,"featured_media":193678,"comment_status":"","ping_status":"","sticky":false,"template":"","format":"standard","meta":{"footnotes":""},"categories":[8],"tags":[27,28,38789,1764,15,16,14,25,26,21,22,12,13,19,20,7209,32,23,24,33,17,18,29,30,31],"class_list":{"0":"post-193677","1":"post","2":"type-post","3":"status-publish","4":"format-standard","5":"has-post-thumbnail","7":"category-principais-noticias","8":"tag-breaking-news","9":"tag-breakingnews","10":"tag-brexit","11":"tag-emigracao","12":"tag-featured-news","13":"tag-featurednews","14":"tag-headlines","15":"tag-latest-news","16":"tag-latestnews","17":"tag-main-news","18":"tag-mainnews","19":"tag-news","20":"tag-noticias","21":"tag-noticias-principais","22":"tag-noticiasprincipais","23":"tag-observatorio-da-emigracao","24":"tag-portugal","25":"tag-principais-noticias","26":"tag-principaisnoticias","27":"tag-pt","28":"tag-top-stories","29":"tag-topstories","30":"tag-ultimas","31":"tag-ultimas-noticias","32":"tag-ultimasnoticias"},"share_on_mastodon":{"url":"https:\/\/pubeurope.com\/@pt\/115742053262036720","error":""},"_links":{"self":[{"href":"https:\/\/www.europesays.com\/pt\/wp-json\/wp\/v2\/posts\/193677","targetHints":{"allow":["GET"]}}],"collection":[{"href":"https:\/\/www.europesays.com\/pt\/wp-json\/wp\/v2\/posts"}],"about":[{"href":"https:\/\/www.europesays.com\/pt\/wp-json\/wp\/v2\/types\/post"}],"author":[{"embeddable":true,"href":"https:\/\/www.europesays.com\/pt\/wp-json\/wp\/v2\/users\/2"}],"replies":[{"embeddable":true,"href":"https:\/\/www.europesays.com\/pt\/wp-json\/wp\/v2\/comments?post=193677"}],"version-history":[{"count":0,"href":"https:\/\/www.europesays.com\/pt\/wp-json\/wp\/v2\/posts\/193677\/revisions"}],"wp:featuredmedia":[{"embeddable":true,"href":"https:\/\/www.europesays.com\/pt\/wp-json\/wp\/v2\/media\/193678"}],"wp:attachment":[{"href":"https:\/\/www.europesays.com\/pt\/wp-json\/wp\/v2\/media?parent=193677"}],"wp:term":[{"taxonomy":"category","embeddable":true,"href":"https:\/\/www.europesays.com\/pt\/wp-json\/wp\/v2\/categories?post=193677"},{"taxonomy":"post_tag","embeddable":true,"href":"https:\/\/www.europesays.com\/pt\/wp-json\/wp\/v2\/tags?post=193677"}],"curies":[{"name":"wp","href":"https:\/\/api.w.org\/{rel}","templated":true}]}}