{"id":193681,"date":"2025-12-18T18:46:12","date_gmt":"2025-12-18T18:46:12","guid":{"rendered":"https:\/\/www.europesays.com\/pt\/193681\/"},"modified":"2025-12-18T18:46:12","modified_gmt":"2025-12-18T18:46:12","slug":"designer-de-rio-preto-conquista-medalha-no-premio-do-design-brasileiro-2025","status":"publish","type":"post","link":"https:\/\/www.europesays.com\/pt\/193681\/","title":{"rendered":"Designer de Rio Preto conquista medalha no Pr\u00eamio do Design Brasileiro 2025"},"content":{"rendered":"<p>O designer gr\u00e1fico e docente do Senac Jo\u00e3o Maiolini, de Rio Preto, ganhou medalha de bronze no Pr\u00eamio do Design Brasileiro (BDA), a principal premia\u00e7\u00e3o de design gr\u00e1fico do Brasil. A cerim\u00f4nia aconteceu na \u00faltima segunda-feira, 15, em S\u00e3o Paulo.<\/p>\n<p>O pr\u00eamio \u2013 na categoria Design Gr\u00e1fico, subcategoria Design de Marca Pequenas e M\u00e9dias Empresas \u2013 foi para projeto que criou a identidade visual para a marca Studio Mangue, da arquiteta alagoana Vivian Gomes, que mora no Canad\u00e1.<\/p>\n<p>O Est\u00fadio Caxa, criado por Vitor Brito Pereira e Renato Brito Mamede, respons\u00e1vel pelo projeto, recebeu outras duas medalhas de bronze na mesma noite com outros trabalhos.<\/p>\n<p>\u201cNeste ano, trabalhei em alguns projetos com o Est\u00fadio Caxa, que ganhou tr\u00eas medalhas de bronze. O projeto que participei mais ativamente foi a cria\u00e7\u00e3o da identidade visual do Studio Mangue, que desenvolvemos durante quase um m\u00eas, desde a parte de reuni\u00e3o, concep\u00e7\u00e3o at\u00e9 alinhamentos e apresenta\u00e7\u00e3o com a cliente. Nesse projeto, trabalhei com a Laura Nunes, designer de S\u00e3o Paulo, e com o Vitor e o Renato, os donos do est\u00fadio\u201d, conta Jo\u00e3o.<\/p>\n<p>Jo\u00e3o conta que o trabalho do Est\u00fadio Caxa \u00e9 h\u00edbrido. \u201cO Vitor mora em Portugal, o Renato mora em S\u00e3o Roque, eu estou em Rio Preto. O est\u00fadio \u00e9 muito colaborativo, \u00e9 um lugar em que eu me desenvolvi muito como designer. Foi muito legal fazer esse projeto com eles\u201d, ressalta.<\/p>\n<p>\u201cAcredito muito que o processo de uma marca nunca \u00e9 realizado de forma solit\u00e1ria, mas \u00e9 muito colaborativo. Apesar de estarmos distantes, temos sempre maneiras de estarmos juntos, tanto conversando digitalmente, como trocando ideias em boards digitais em parceria do est\u00fadio com o cliente. O processo que aprendi com o Est\u00fadio Caxa foi muito massa\u201d, completa.<\/p>\n<p>Inspira\u00e7\u00e3o<\/p>\n<p>Essa \u00e9 a terceira medalha que Jo\u00e3o ganha no PBD. Nos anos de 2023 e 2024, o designer ganhou medalhas por projetos de fonte e de identidade visual, tamb\u00e9m pelo Est\u00fadio Caxa. \u201cEssa sensa\u00e7\u00e3o de voltar com uma medalha para Rio Preto \u00e9 muito massa, muito bom\u201d, pontua o designer.<\/p>\n<p>\u201cQuando a gente v\u00ea que o pr\u00eamio conta com um j\u00fari de v\u00e1rios designers reconhecidos, famosos no meio profissional \u00e9 surpreendente. \u00c9 muito gratificante voltar para Rio Preto com um reconhecimento desse, principalmente porque s\u00e3o os profissionais mais renomados do Brasil\u201d, ressalta.<\/p>\n<p>O desejo de Jo\u00e3o \u00e9 que a premia\u00e7\u00e3o sirva de inspira\u00e7\u00e3o para futuros designers. \u201cMorei um tempo em S\u00e3o Paulo e voltei para Rio Preto. Uma grande meta que tenho \u00e9 tentar inspirar o regional, para mostrar que \u00e9 poss\u00edvel chegar at\u00e9 esses pr\u00eamios. Isso porque aqui, \u00e0s vezes, existe uma sensa\u00e7\u00e3o de que \u00e9 muito dif\u00edcil, que Rio Preto n\u00e3o tem tantos cursos de design, que aqui \u00e9 mais voltado para a publicidade. Por isso, quero movimentar essa comunidade e inspirar futuros designers. Essa \u00e9 minha meta, porque eu curto muito educa\u00e7\u00e3o, \u00e9 uma coisa que faz todo sentido para mim\u201d, conclui Jo\u00e3o.<\/p>\n<p>O pr\u00eamio<\/p>\n<p>O BDA &#8211; Pr\u00eamio Brasileiro de Design (anteriormente conhecido como Brasil Design Award) \u00e9 considerado a principal e mais abrangente premia\u00e7\u00e3o de design do Brasil. Realizado anualmente desde 2009 pela ABEDESIGN (Associa\u00e7\u00e3o Brasileira de Empresas de Design), o pr\u00eamio tem como objetivo reconhecer e valorizar a capacidade criativa e inovadora do design na economia nacional. <\/p>\n<p>A edi\u00e7\u00e3o de 2025 adotou o conceito \u201cColaborar e Transformar\u201d, culminando em uma cerim\u00f4nia de premia\u00e7\u00e3o realizada na Sala S\u00e3o Paulo em dezembro. Os vencedores recebem um selo de qualidade que serve como m\u00e9trica de sucesso para o mercado e investidores. <\/p>\n<p>O pr\u00eamio \u00e9 aberto a profissionais, ag\u00eancias e tamb\u00e9m possui uma categoria dedicada a estudantes. Em 2025, a premia\u00e7\u00e3o contou com 14 categorias principais que abrangem \u00e1reas como Design de Produto, Design de Embalagem, Design Visual e Design de Impacto Positivo. Al\u00e9m da est\u00e9tica, o j\u00fari avalia crit\u00e9rios como inova\u00e7\u00e3o, funcionalidade, sustentabilidade e o impacto do projeto nos neg\u00f3cios e na sociedade. <\/p>\n","protected":false},"excerpt":{"rendered":"O designer gr\u00e1fico e docente do Senac Jo\u00e3o Maiolini, de Rio Preto, ganhou medalha de bronze no Pr\u00eamio&hellip;\n","protected":false},"author":2,"featured_media":193682,"comment_status":"","ping_status":"","sticky":false,"template":"","format":"standard","meta":{"footnotes":""},"categories":[144],"tags":[207,205,206,203,201,202,204,114,115,32,33],"class_list":{"0":"post-193681","1":"post","2":"type-post","3":"status-publish","4":"format-standard","5":"has-post-thumbnail","7":"category-arte-e-design","8":"tag-arte","9":"tag-arte-e-design","10":"tag-artedesign","11":"tag-arts","12":"tag-arts-and-design","13":"tag-artsanddesign","14":"tag-design","15":"tag-entertainment","16":"tag-entretenimento","17":"tag-portugal","18":"tag-pt"},"share_on_mastodon":{"url":"https:\/\/pubeurope.com\/@pt\/115742060184296769","error":""},"_links":{"self":[{"href":"https:\/\/www.europesays.com\/pt\/wp-json\/wp\/v2\/posts\/193681","targetHints":{"allow":["GET"]}}],"collection":[{"href":"https:\/\/www.europesays.com\/pt\/wp-json\/wp\/v2\/posts"}],"about":[{"href":"https:\/\/www.europesays.com\/pt\/wp-json\/wp\/v2\/types\/post"}],"author":[{"embeddable":true,"href":"https:\/\/www.europesays.com\/pt\/wp-json\/wp\/v2\/users\/2"}],"replies":[{"embeddable":true,"href":"https:\/\/www.europesays.com\/pt\/wp-json\/wp\/v2\/comments?post=193681"}],"version-history":[{"count":0,"href":"https:\/\/www.europesays.com\/pt\/wp-json\/wp\/v2\/posts\/193681\/revisions"}],"wp:featuredmedia":[{"embeddable":true,"href":"https:\/\/www.europesays.com\/pt\/wp-json\/wp\/v2\/media\/193682"}],"wp:attachment":[{"href":"https:\/\/www.europesays.com\/pt\/wp-json\/wp\/v2\/media?parent=193681"}],"wp:term":[{"taxonomy":"category","embeddable":true,"href":"https:\/\/www.europesays.com\/pt\/wp-json\/wp\/v2\/categories?post=193681"},{"taxonomy":"post_tag","embeddable":true,"href":"https:\/\/www.europesays.com\/pt\/wp-json\/wp\/v2\/tags?post=193681"}],"curies":[{"name":"wp","href":"https:\/\/api.w.org\/{rel}","templated":true}]}}