{"id":193712,"date":"2025-12-18T19:08:31","date_gmt":"2025-12-18T19:08:31","guid":{"rendered":"https:\/\/www.europesays.com\/pt\/193712\/"},"modified":"2025-12-18T19:08:31","modified_gmt":"2025-12-18T19:08:31","slug":"3i-atlas-esta-quase-a-chegar-ao-ponto-mais-proximo-da-terra-tudo-o-que-precisa-de-saber-sobre-a-passagem-ciencia","status":"publish","type":"post","link":"https:\/\/www.europesays.com\/pt\/193712\/","title":{"rendered":"3I\/ATLAS est\u00e1 quase a chegar ao ponto mais pr\u00f3ximo da Terra: Tudo o que precisa de saber sobre a passagem &#8211; Ci\u00eancia"},"content":{"rendered":"<p>Descoberto <a href=\"https:\/\/tek.sapo.pt\/noticias\/ciencia\/artigos\/3i-atlas-o-que-se-sabe-sobre-o-visitante-interestelar-que-esta-a-intrigar-os-cientistas\" rel=\"nofollow noopener\" target=\"_blank\">em julho<\/a> pelo telesc\u00f3pio Asteroid Terrestrial-impact Last Alert System (ATLAS) da NASA, no Chile, o <a href=\"https:\/\/tek.sapo.pt\/pesquisar?q=3I%2FATLAS\" rel=\"nofollow noopener\" target=\"_blank\">3I\/ATLAS<\/a> tem dado que falar nos \u00faltimos meses.<strong> Depois de uma <a href=\"https:\/\/tek.sapo.pt\/noticias\/ciencia\/artigos\/3i-atlas-missoes-da-esa-e-nasa-em-marte-captam-novas-imagens-do-cometa-interestelar\" target=\"_blank\" rel=\"noopener noreferrer nofollow\">passagem por Marte<\/a> e mais tarde <a href=\"https:\/\/tek.sapo.pt\/noticias\/ciencia\/artigos\/3i-atlas-atinge-o-ponto-mais-proximo-do-sol-brilho-do-cometa-interestelar-surpreende-cientistas\" target=\"_blank\" rel=\"noopener noreferrer nofollow\">pelo Sol<\/a> em outubro, o misterioso \u201cvisitante\u201d interestelar prepara-se para fazer a <\/strong><strong><a href=\"https:\/\/tek.sapo.pt\/noticias\/ciencia\/artigos\/cometa-3i-atlas-prepara-se-para-fazer-uma-passagem-pela-terra-esta-semana-saiba-como-observar\" rel=\"nofollow noopener\" target=\"_blank\">maior aproxima\u00e7\u00e3o ao nosso planeta<\/a>.\u00a0<\/strong><\/p>\n<p><b data-stringify-type=\"bold\">N\u00e3o perca nenhuma not\u00edcia importante da atualidade de tecnologia e\u00a0<\/b><b data-stringify-type=\"bold\"><a class=\"c-link\" href=\"https:\/\/tek.sapo.pt\/\" target=\"_blank\" rel=\"noopener noreferrer nofollow\" data-stringify-link=\"https:\/\/tek.sapo.pt\/\" data-sk=\"tooltip_parent\">acompanhe tudo em tek.sapo.pt<\/a><\/b><\/p>\n<p>No dia 19 de dezembro, o cometa, que est\u00e1 agora a navegar rumo ao Espa\u00e7o interestelar a uma velocidade acima dos 230 quil\u00f3metros por hora, <strong>vai passar a cerca de 273 milh\u00f5es de quil\u00f3metros do nosso planeta.\u00a0<\/strong><\/p>\n<p>De acordo com c\u00e1lculos do Jet Propulsion Laboratory da NASA, citados pelo website <a href=\"https:\/\/www.space.com\/astronomy\/comets\/what-time-will-interstellar-comet-3i-atlas-be-closest-to-earth-on-dec-19\" rel=\"nofollow noopener\" target=\"_blank\">Space.com<\/a>, <strong>o cometa vai atingir o maior ponto de aproxima\u00e7\u00e3o \u00e0 Terra pelas 01h00 EST (06h00 na hora de Lisboa).<\/strong><\/p>\n<p><strong>Devido \u00e0 dist\u00e2ncia, n\u00e3o ser\u00e1 poss\u00edvel observar o 3I\/ATLAS a olho nu<\/strong> e, como <a href=\"https:\/\/science.nasa.gov\/solar-system\/skywatching\/whats-up-december-2025-skywatching-tips-from-nasa\/\" target=\"_blank\" rel=\"noopener noreferrer nofollow\">explica a NASA<\/a>, ser\u00e1 necess\u00e1rio recorrer a um telesc\u00f3pio com uma abertura de pelo menos 30 cent\u00edmetros. Neste caso, o \u201cvisitante\u201d interestelar poder\u00e1 ser observado perto da constela\u00e7\u00e3o de Le\u00e3o.\u00a0<\/p>\n<p>  <a href=\"https:\/\/mb.web.sapo.io\/6ca83724d3d672f0b897a466ea542102c26c281f.png\" title=\"NASA | O c\u00e9u em dezembro\" data-ps-trigger=\"\" data-index=\"1\" data-ps-single-photo=\"true\" target=\"_blank\" rel=\"nofollow noopener\">  NASA | O c\u00e9u em dezembro<\/p>\n<p>cr\u00e9ditos: NASA<\/p>\n<p>&#8221; data-title=&#8221;NASA | O c\u00e9u em dezembro &#8211; 3I\/ATLAS est\u00e1 quase a chegar ao ponto mais pr\u00f3ximo da Terra: Tudo o que precisa de saber sobre a passagem &#8211; Tek Not\u00edcias&#8221;&gt;                <img decoding=\"async\" src=\"https:\/\/www.europesays.com\/pt\/wp-content\/uploads\/2025\/12\/o+zL40eLudiRw=.png\" alt=\"NASA | O c\u00e9u em dezembro\" title=\"NASA | O c\u00e9u em dezembro\"\/>   <\/a>     NASA | O c\u00e9u em dezembro    cr\u00e9ditos: NASA     <\/p>\n<p>Por outro lado, tamb\u00e9m pode <strong>acompanhar a passagem do cometa online, seguindo a transmiss\u00e3o do Virtual Telescope Project <\/strong><strong><a href=\"https:\/\/www.youtube.com\/watch?v=ficGuvPxV0s\" rel=\"nofollow noopener\" target=\"_blank\">no YouTube<\/a><\/strong>, marcada para as 04h00 na hora de Lisboa.\u00a0<\/p>\n<p>Espera-se que em<strong> mar\u00e7o do pr\u00f3ximo ano o 3I\/ATLAS passe ainda mais perto de J\u00fapiter, a uma dist\u00e2ncia de cerca de 53 milh\u00f5es de quil\u00f3metros.<\/strong> S\u00f3 em meados da d\u00e9cada de 2030 \u00e9 que o cometa atingir\u00e1 o Espa\u00e7o interestelar.<\/p>\n<p>Enquanto continua pelo nosso sistema solar, <strong>o cometa tem sido observado por v\u00e1rios telesc\u00f3pios, tanto na Terra como no Espa\u00e7o, e miss\u00f5es espaciais.<\/strong> Recentemente, o observat\u00f3rio de raios X XMM-Newton da Ag\u00eancia Espacial Europeia (ESA) conseguiu captar o \u201cvisitante\u201d.<\/p>\n<p>Segundo <a href=\"https:\/\/www.esa.int\/ESA_Multimedia\/Images\/2025\/12\/XMM-Newton_sees_comet_3I_ATLAS_in_X-ray_light\" rel=\"nofollow noopener\" target=\"_blank\">a ESA<\/a>, <strong>no dia 3 de dezembro, o cometa passou a uma dist\u00e2ncia entre 282 e 285 milh\u00f5es de quil\u00f3metros do XMM-Newton<\/strong>, dando-lhe a oportunidade de o observar durante um per\u00edodo de 20 horas.<\/p>\n<p>  <a href=\"https:\/\/mb.web.sapo.io\/6060b15da3322a56918dccb5f5c93ec8e560d9d6.png\" title=\"Cometa 3I\/ATLAS visto pelo XMM-Newton da ESA\" data-ps-trigger=\"\" data-index=\"1\" data-ps-single-photo=\"true\" target=\"_blank\" rel=\"nofollow noopener\">  Cometa 3I\/ATLAS visto pelo XMM-Newton da ESA<\/p>\n<p>cr\u00e9ditos: ESA\/XMM-Newton\/C. Lisse, S. Cabot &amp; the XMM ISO Team<\/p>\n<p>&#8221; data-title=&#8221;Cometa 3I\/ATLAS visto pelo XMM-Newton da ESA &#8211; 3I\/ATLAS est\u00e1 quase a chegar ao ponto mais pr\u00f3ximo da Terra: Tudo o que precisa de saber sobre a passagem &#8211; Tek Not\u00edcias&#8221;&gt;                <img decoding=\"async\" src=\"https:\/\/www.europesays.com\/pt\/wp-content\/uploads\/2025\/12\/XJo3UV0aI=.png\" alt=\"Cometa 3I\/ATLAS visto pelo XMM-Newton da ESA\" title=\"Cometa 3I\/ATLAS visto pelo XMM-Newton da ESA\"\/>   <\/a>     Cometa 3I\/ATLAS visto pelo XMM-Newton da ESA    cr\u00e9ditos: ESA\/XMM-Newton\/C. Lisse, S. Cabot &amp; the XMM ISO Team     <\/p>\n<p>Para o observar, <strong>a miss\u00e3o recorreu \u00e0 c\u00e2mara EPIC-pn<\/strong> (European Photon Imaging Camera), o seu instrumento mais sens\u00edvel para a dete\u00e7\u00e3o de raios X.<\/p>\n<p>A imagem mostra o cometa a brilhar em raios X de baixa energia, detalha a ESA. <strong>As zonas a azul correspondem a regi\u00f5es com poucos raios X e as que surgem a vermelho destacam o brilho do 3I\/ATLAS.\u00a0<\/strong><\/p>\n<p>Quando as mol\u00e9culas de g\u00e1s libertadas pelo cometa colidem com o vento solar s\u00e3o produzidos raios X. <strong>Estes sinais permitem detetar gases como vapor de \u00e1gua, di\u00f3xido de carbono ou mon\u00f3xido de carbono<\/strong>, j\u00e1 identificados por telesc\u00f3pios como o James Webb e o SPHEREx.<\/p>\n<p><strong>A ESA real\u00e7a que as observa\u00e7\u00f5es em raios X s\u00e3o uma ferramenta \u201cpoderosa\u201d para estudar a composi\u00e7\u00e3o de cometas<\/strong> e outros objetos interestelares, uma vez que s\u00e3o especialmente \u00fateis para identificar hidrog\u00e9nio e azoto, quase invis\u00edveis a instrumentos \u00f3pticos ou ultravioleta.<\/p>\n<p>A imagem junta-se agora \u00e0 cole\u00e7\u00e3o de <strong>registos do 3I\/ALTAS feitos por miss\u00f5es espaciais e telesc\u00f3pios terrestres<\/strong>, que pode ver na galeria que se segue.<\/p>\n<p>Clique nas imagens para ver com mais detalhe                     Assine a\u00a0<a class=\"c-link\" href=\"https:\/\/teknoticias.us15.list-manage.com\/subscribe?u=9a06a5af5e9150806abc02bae&amp;id=ef9b27090d\" target=\"_blank\" rel=\"noopener noreferrer nofollow\" data-stringify-link=\"https:\/\/teknoticias.us15.list-manage.com\/subscribe?u=9a06a5af5e9150806abc02bae&amp;id=ef9b27090d\" data-sk=\"tooltip_parent\">newsletter do TEK Not\u00edcias<\/a>\u00a0e receba todos os dias as principais not\u00edcias de tecnologia na sua caixa de correio.<\/p>\n","protected":false},"excerpt":{"rendered":"Descoberto em julho pelo telesc\u00f3pio Asteroid Terrestrial-impact Last Alert System (ATLAS) da NASA, no Chile, o 3I\/ATLAS tem&hellip;\n","protected":false},"author":2,"featured_media":193713,"comment_status":"","ping_status":"","sticky":false,"template":"","format":"standard","meta":{"footnotes":""},"categories":[84],"tags":[109,107,108,32,33,105,103,104,106,110],"class_list":{"0":"post-193712","1":"post","2":"type-post","3":"status-publish","4":"format-standard","5":"has-post-thumbnail","7":"category-ciencia-e-tecnologia","8":"tag-ciencia","9":"tag-ciencia-e-tecnologia","10":"tag-cienciaetecnologia","11":"tag-portugal","12":"tag-pt","13":"tag-science","14":"tag-science-and-technology","15":"tag-scienceandtechnology","16":"tag-technology","17":"tag-tecnologia"},"share_on_mastodon":{"url":"https:\/\/pubeurope.com\/@pt\/115742147134345307","error":""},"_links":{"self":[{"href":"https:\/\/www.europesays.com\/pt\/wp-json\/wp\/v2\/posts\/193712","targetHints":{"allow":["GET"]}}],"collection":[{"href":"https:\/\/www.europesays.com\/pt\/wp-json\/wp\/v2\/posts"}],"about":[{"href":"https:\/\/www.europesays.com\/pt\/wp-json\/wp\/v2\/types\/post"}],"author":[{"embeddable":true,"href":"https:\/\/www.europesays.com\/pt\/wp-json\/wp\/v2\/users\/2"}],"replies":[{"embeddable":true,"href":"https:\/\/www.europesays.com\/pt\/wp-json\/wp\/v2\/comments?post=193712"}],"version-history":[{"count":0,"href":"https:\/\/www.europesays.com\/pt\/wp-json\/wp\/v2\/posts\/193712\/revisions"}],"wp:featuredmedia":[{"embeddable":true,"href":"https:\/\/www.europesays.com\/pt\/wp-json\/wp\/v2\/media\/193713"}],"wp:attachment":[{"href":"https:\/\/www.europesays.com\/pt\/wp-json\/wp\/v2\/media?parent=193712"}],"wp:term":[{"taxonomy":"category","embeddable":true,"href":"https:\/\/www.europesays.com\/pt\/wp-json\/wp\/v2\/categories?post=193712"},{"taxonomy":"post_tag","embeddable":true,"href":"https:\/\/www.europesays.com\/pt\/wp-json\/wp\/v2\/tags?post=193712"}],"curies":[{"name":"wp","href":"https:\/\/api.w.org\/{rel}","templated":true}]}}