{"id":193714,"date":"2025-12-18T19:10:20","date_gmt":"2025-12-18T19:10:20","guid":{"rendered":"https:\/\/www.europesays.com\/pt\/193714\/"},"modified":"2025-12-18T19:10:20","modified_gmt":"2025-12-18T19:10:20","slug":"por-que-vitimas-de-pompeia-usavam-mantos-de-la-quando-morreram","status":"publish","type":"post","link":"https:\/\/www.europesays.com\/pt\/193714\/","title":{"rendered":"Por que v\u00edtimas de Pompeia usavam mantos de l\u00e3 quando morreram?"},"content":{"rendered":"<p>Uma nova pesquisa indica que a cidade romana de Pompeia pode ter experimentado temperaturas incomuns para a \u00e9poca, quando a erup\u00e7\u00e3o do Monte Ves\u00favio devastou a regi\u00e3o em 79 d.C. O estudo, que ainda n\u00e3o foi publicado em revista cient\u00edfica revisada por pares, foi apresentado em uma confer\u00eancia arqueol\u00f3gica realizada nas proximidades de <a href=\"https:\/\/aventurasnahistoria.com.br\/noticias\/desventuras\/a-curiosa-arte-erotica-descoberta-em-pompeia-e-herculano.phtml\" rel=\"nofollow noopener\" target=\"_blank\">Pompeia<\/a>, na It\u00e1lia.<\/p>\n<p>Ao analisar 14 dos ic\u00f4nicos moldes de gesso feitos das v\u00edtimas da erup\u00e7\u00e3o, os pesquisadores descobriram que pelo menos quatro indiv\u00edduos estavam vestindo roupas de l\u00e3 no momento em que foram sepultados. Isso \u00e9 surpreendente, considerando que agosto, per\u00edodo em que se acredita que a erup\u00e7\u00e3o ocorreu, geralmente apresenta temperaturas quentes nesta \u00e1rea. Os pesquisadores sugerem que o uso de vestimentas de l\u00e3 poderia ter sido uma medida de prote\u00e7\u00e3o contra os efeitos da erup\u00e7\u00e3o.<\/p>\n<p>A pesquisa retoma um debate antigo sobre a possibilidade de que a erup\u00e7\u00e3o tenha ocorrido em um m\u00eas mais frio do que agosto. Contudo, estudos contempor\u00e2neos baseados em documentos hist\u00f3ricos determinam que o evento catastr\u00f3fico aconteceu no dia 24 de agosto de 79. Alguns especialistas sustentam que as vestimentas de l\u00e3 encontradas nas <a href=\"https:\/\/aventurasnahistoria.com.br\/noticias\/historia-hoje\/2-mil-anos-depois-a-busca-por-sobreviventes-de-pompeia-continua.phtml\" rel=\"nofollow noopener\" target=\"_blank\">v\u00edtimas<\/a> n\u00e3o s\u00e3o necessariamente indicativas de um clima frio.<\/p>\n<p>O historiador e arque\u00f3logo <strong>Pedar Foss<\/strong>, da Universidade DePauw, Indiana, destacou que as roupas de l\u00e3 eram comuns na \u00e9poca. \u201cEles usavam l\u00e3 porque era o que as pessoas usavam naquela \u00e9poca\u201d, explicou <strong>Foss<\/strong> ao Live Science, acrescentando que \u201ccerca de 90% de todas as roupas em qualquer lugar do mundo eram de l\u00e3\u201d. A l\u00e3 era resistente, mantinha o calor mesmo quando molhada e era relativamente acess\u00edvel, enquanto tecidos como linho eram mais fr\u00e1geis e apenas as classes privilegiadas utilizavam seda e algod\u00e3o.<\/p>\n<p>A pesquisa foi liderada por <strong>Lloren\u00e7 Alapont<\/strong>, arque\u00f3logo da Universidade de Val\u00eancia. Em um <a href=\"https:\/\/www.uv.es\/uvweb\/uv-noticias\/es\/noticias\/victimas-erupcion-pompeya-vestian-tunica-manto-lana-pesada-hecho-sugiere-condiciones-ambientales-diferentes-verano-1285973304159\/Novetat.html?id=1286463700656&amp;plantilla=UV_Noticies\/Page\/TPGDetaillNews\" rel=\"nofollow noopener\" target=\"_blank\">comunicado<\/a> traduzido da universidade, <strong>Alapont<\/strong> afirmou que os pesquisadores analisaram os padr\u00f5es dos tecidos impressos nos moldes de gesso das v\u00edtimas do Ves\u00favio. \u201cA partir do nosso estudo [\u2026] podemos saber como as pessoas se vestiam naquele dia espec\u00edfico da hist\u00f3ria\u201d, comentou.<\/p>\n<p>Desde o s\u00e9culo 19, foram feitos 104 moldes em Pompeia utilizando <a href=\"https:\/\/aventurasnahistoria.com.br\/noticias\/historia-hoje\/descoberta-em-pompeia-explica-metodo-do-concreto-romano-duravel.phtml\" rel=\"nofollow noopener\" target=\"_blank\">gesso<\/a> para preencher os vazios deixados pelas v\u00edtimas soterradas pela cinza e detritos vulc\u00e2nicos. Especialistas estimam que cerca de 2 mil pessoas podem ter sido mortas na cat\u00e1strofe, mas muitos outros conseguiram escapar. Atualmente, novos moldes n\u00e3o s\u00e3o mais realizados devido \u00e0 possibilidade de danificar restos mortais.<\/p>\n<p>Os moldes revelam que muitas das v\u00edtimas estavam vestindo um traje composto por uma t\u00fanica e um manto de l\u00e3. <strong>Alapont<\/strong> observou que \u201cn\u00e3o sabemos se essas roupas espec\u00edficas serviam para proteg\u00ea-los dos gases ou do calor ambiente causados \u200b\u200bpela erup\u00e7\u00e3o vulc\u00e2nica\u201d. Ele questionou se as pessoas estavam vestindo l\u00e3 para se proteger dos efeitos adversos da erup\u00e7\u00e3o durante as aproximadamente 18 horas em que durou o evento.<\/p>\n<p><strong>Foss<\/strong> tamb\u00e9m mencionou o relato do autor romano <strong>Pl\u00ednio<\/strong>, o Jovem, que era adolescente na \u00e9poca da erup\u00e7\u00e3o e descreveu os eventos em cartas enviadas ao historiador romano <strong>T\u00e1cito<\/strong> cerca de 30 anos depois. Pl\u00ednio datou firmemente a erup\u00e7\u00e3o para \u201cNonum Kalendas Septembres\u201d \u2014 o nono dia antes do primeiro dia de setembro \u2014 correspondente ao dia 24 de agosto no calend\u00e1rio gregoriano atual.<\/p>\n<p>No entanto, c\u00f3pias incorretas do relato durante a Idade M\u00e9dia geraram controv\u00e9rsias sobre a data exata da erup\u00e7\u00e3o at\u00e9 que estudos recentes confirmassem a data registrada por <strong>Pl\u00ednio<\/strong>. Defensores da teoria de um m\u00eas posterior mencionam evid\u00eancias como frutas de outono encontradas em Pompeia e inscri\u00e7\u00f5es em carv\u00e3o nas <a href=\"https:\/\/aventurasnahistoria.com.br\/noticias\/historia-hoje\/reconstrucao-digital-revela-torres-luxuosas-nas-vilas-da-elite-de-pompeia.phtml\" rel=\"nofollow noopener\" target=\"_blank\">paredes<\/a>. Contudo, nenhuma dessas evid\u00eancias \u00e9 conclusiva.<\/p>\n<p>A historiadora e arque\u00f3loga <strong>Allison Emmerson<\/strong>, da Universidade Tulane, esclareceu essa disputa afirmando que \u201cA tradi\u00e7\u00e3o manuscrita \u00e9 bastante segura \u2014 a \u00fanica data fornecida pelo texto \u00e9 24 de agosto\u201d, escreveu ao <a href=\"https:\/\/www.livescience.com\/archaeology\/romans\/pompeii-victims-were-wearing-woolen-cloaks-in-august-when-they-died-but-experts-are-split-on-what-that-means\" rel=\"nofollow noopener\" target=\"_blank\">Live Science<\/a>. \u201cNo entanto, se essa data reflete o evento real ainda \u00e9 motivo de controv\u00e9rsia\u201d.<\/p>\n<p>A nova pesquisa n\u00e3o oferece uma conclus\u00e3o definitiva sobre a data da erup\u00e7\u00e3o do Ves\u00favio. O estudo sugere apenas que as vestimentas das v\u00edtimas podem indicar um dia inusitadamente frio para agosto; no entanto, essa interpreta\u00e7\u00e3o permanece aberta a questionamentos sobre se o uso da l\u00e3 foi uma quest\u00e3o de prote\u00e7\u00e3o.<\/p>\n<p>Os pesquisadores tamb\u00e9m notaram que tanto as v\u00edtimas encontradas dentro quanto fora das casas estavam usando tipos semelhantes de roupas. <strong>Foss<\/strong> ressaltou a import\u00e2ncia do trabalho liderado por <strong>Alapont<\/strong> ao estabelecer quais vestimentas estavam sendo usadas pelos habitantes de <a href=\"https:\/\/aventurasnahistoria.com.br\/noticias\/historia-hoje\/vaso-de-ceramica-egipcio-e-descoberto-em-antiga-cozinha-de-pompeia.phtml\" rel=\"nofollow noopener\" target=\"_blank\">Pompeia<\/a> no momento da trag\u00e9dia; no entanto, ele acredita que isso n\u00e3o contribui para esclarecer as condi\u00e7\u00f5es clim\u00e1ticas daquela fat\u00eddica manh\u00e3.<\/p>\n<p>        <a href=\"https:\/\/aventurasnahistoria.com.br\/noticias\/author\/eric-moreira\" rel=\"nofollow noopener\" target=\"_blank\">&#13;<br \/>\n          <img loading=\"lazy\" decoding=\"async\" alt=\"\u00c9ric Moreira\" src=\"https:\/\/www.europesays.com\/pt\/wp-content\/uploads\/2025\/09\/WhatsApp-Image-2021-09-24-at-18.30.11-150x150.jpeg\" class=\"avatar avatar-115 photo rounded-circle\" height=\"115\" width=\"115\"\/>        <\/a><\/p>\n<p>\u00c9ric Moreira \u00e9 jornalista, formado pelo Centro Universit\u00e1rio Belas Artes de S\u00e3o Paulo. Passa a maior parte do tempo vendo filmes e s\u00e9ries, interessado em jornalismo cultural e grande amante de Arte e Hist\u00f3ria.<\/p>\n","protected":false},"excerpt":{"rendered":"Uma nova pesquisa indica que a cidade romana de Pompeia pode ter experimentado temperaturas incomuns para a \u00e9poca,&hellip;\n","protected":false},"author":2,"featured_media":193715,"comment_status":"","ping_status":"","sticky":false,"template":"","format":"standard","meta":{"footnotes":""},"categories":[50],"tags":[27,28,109,3471,1347,15,16,14,20346,25,26,21,22,62,12,13,19,20,1348,5730,23,24,17,18,29,30,31,63,64,65],"class_list":{"0":"post-193714","1":"post","2":"type-post","3":"status-publish","4":"format-standard","5":"has-post-thumbnail","7":"category-mundo","8":"tag-breaking-news","9":"tag-breakingnews","10":"tag-ciencia","11":"tag-curiosidades","12":"tag-estudo","13":"tag-featured-news","14":"tag-featurednews","15":"tag-headlines","16":"tag-la","17":"tag-latest-news","18":"tag-latestnews","19":"tag-main-news","20":"tag-mainnews","21":"tag-mundo","22":"tag-news","23":"tag-noticias","24":"tag-noticias-principais","25":"tag-noticiasprincipais","26":"tag-pesquisa","27":"tag-pompeia","28":"tag-principais-noticias","29":"tag-principaisnoticias","30":"tag-top-stories","31":"tag-topstories","32":"tag-ultimas","33":"tag-ultimas-noticias","34":"tag-ultimasnoticias","35":"tag-world","36":"tag-world-news","37":"tag-worldnews"},"share_on_mastodon":{"url":"https:\/\/pubeurope.com\/@pt\/115742155044513672","error":""},"_links":{"self":[{"href":"https:\/\/www.europesays.com\/pt\/wp-json\/wp\/v2\/posts\/193714","targetHints":{"allow":["GET"]}}],"collection":[{"href":"https:\/\/www.europesays.com\/pt\/wp-json\/wp\/v2\/posts"}],"about":[{"href":"https:\/\/www.europesays.com\/pt\/wp-json\/wp\/v2\/types\/post"}],"author":[{"embeddable":true,"href":"https:\/\/www.europesays.com\/pt\/wp-json\/wp\/v2\/users\/2"}],"replies":[{"embeddable":true,"href":"https:\/\/www.europesays.com\/pt\/wp-json\/wp\/v2\/comments?post=193714"}],"version-history":[{"count":0,"href":"https:\/\/www.europesays.com\/pt\/wp-json\/wp\/v2\/posts\/193714\/revisions"}],"wp:featuredmedia":[{"embeddable":true,"href":"https:\/\/www.europesays.com\/pt\/wp-json\/wp\/v2\/media\/193715"}],"wp:attachment":[{"href":"https:\/\/www.europesays.com\/pt\/wp-json\/wp\/v2\/media?parent=193714"}],"wp:term":[{"taxonomy":"category","embeddable":true,"href":"https:\/\/www.europesays.com\/pt\/wp-json\/wp\/v2\/categories?post=193714"},{"taxonomy":"post_tag","embeddable":true,"href":"https:\/\/www.europesays.com\/pt\/wp-json\/wp\/v2\/tags?post=193714"}],"curies":[{"name":"wp","href":"https:\/\/api.w.org\/{rel}","templated":true}]}}