{"id":193720,"date":"2025-12-18T19:13:17","date_gmt":"2025-12-18T19:13:17","guid":{"rendered":"https:\/\/www.europesays.com\/pt\/193720\/"},"modified":"2025-12-18T19:13:17","modified_gmt":"2025-12-18T19:13:17","slug":"filho-mais-novo-de-john-travolta-seria-biologicamente-bisneto-de-elvis-diz-processo-entenda","status":"publish","type":"post","link":"https:\/\/www.europesays.com\/pt\/193720\/","title":{"rendered":"Filho mais novo de John Travolta seria biologicamente bisneto de Elvis, diz processo; entenda"},"content":{"rendered":"<p>\n                        Alega\u00e7\u00e3o em processo judicial diz que filho mais novo do ator pode ter nascido do \u00f3vulo de Riley Keough, atriz e neta de Elvis Presley\n                    <\/p>\n<p class=\"text\">Um processo judicial nos Estados Unidos trouxe \u00e0 tona uma alega\u00e7\u00e3o envolvendo <b>John Travolta<\/b>, sua fam\u00edlia e os Presley. Segundo documentos obtidos pela revista People, <b>Ben<\/b>, filho mais novo do ator com <b>Kelly Preston<\/b>, que morreu em 2020, teria liga\u00e7\u00e3o biol\u00f3gica direta com a fam\u00edlia de <b>Elvis Presley<\/b>.<\/p>\n<p><img loading=\"lazy\" decoding=\"async\" alt=\"Ben, ca\u00e7ula de John Travolta, pode ser bisneto de Elvis Presley\" class=\"img-008808b669882b9f5809a401c784fe52h96tri4w\" height=\"434\" src=\"https:\/\/www.europesays.com\/pt\/wp-content\/uploads\/2025\/12\/1107088808-nqk3eqie7bhjlkpz3i3ijutiuu.jpg\"  title=\"Ben, ca\u00e7ula de John Travolta, pode ser bisneto de Elvis Presley\" width=\"774\"\/><\/p>\n<p>Ben, ca\u00e7ula de John Travolta, pode ser bisneto de Elvis Presley<\/p>\n<p>Foto: @johntravolta via Instagram\/Ollie Atkins\/Casa Branca \/ Estad\u00e3o<\/p>\n<p class=\"text\">A informa\u00e7\u00e3o aparece em uma a\u00e7\u00e3o movida por <b>Brigitte Kruse<\/b>, ex-parceira comercial de <b>Priscilla Presley<\/b>, vi\u00fava de Elvis. Brigitte processa <b>Navarone Garcia<\/b>, filho de Priscilla, por quebra de contrato. Embora o centro da disputa n\u00e3o envolva Travolta, o documento inclui relatos que chamaram aten\u00e7\u00e3o por tratar da origem gen\u00e9tica de Ben, filho ca\u00e7ula do ator, hoje com 15 anos.<\/p>\n<p class=\"text\">De acordo com Brigitte, Kelly n\u00e3o conseguia engravidar com \u00f3vulos pr\u00f3prios. Por isso, John e Kelly teriam recorrido inicialmente a \u00f3vulos de <b>Lisa Marie Presley<\/b>, filha de Elvis. O documento afirma, por\u00e9m, que o casal desistiu dessa op\u00e7\u00e3o e n\u00e3o h\u00e1 confirma\u00e7\u00e3o de que essa tentativa tenha resultado em uma gravidez.<\/p>\n<p class=\"text\">O documento sustenta que, posteriormente, teria sido articulado um acordo para que <b>Riley Keough<\/b>, filha de Lisa Marie, cedesse seus \u00f3vulos. Assim, Kelly teria levado a gesta\u00e7\u00e3o adiante e dado \u00e0 luz Ben. Brigitte afirma que Riley teria recebido como recompensa um carro da marca Jaguar e um pagamento entre 10 mil e 20 mil d\u00f3lares pelo acordo. Nenhuma dessas alega\u00e7\u00f5es foi comprovada.<\/p>\n<p class=\"text\">Essas informa\u00e7\u00f5es, segundo Brigitte, teriam sido repassadas a ela por <b>Michael Lockwood<\/b>, ex-marido de Lisa Marie. No documento, ela afirma que Michael enfrentava dificuldades financeiras severas \u00e0 \u00e9poca e que teria tentado usar o suposto segredo envolvendo Travolta como forma de buscar um acordo financeiro em benef\u00edcio pr\u00f3prio e de suas filhas.<\/p>\n<p class=\"text\">Os documentos citam ainda uma nota manuscrita com refer\u00eancias a uma cl\u00ednica de fertilidade na Calif\u00f3rnia, ao nome de Ben e \u00e0 indica\u00e7\u00e3o da gesta\u00e7\u00e3o de Kelly. Tamb\u00e9m s\u00e3o mencionadas mensagens de texto em que o adolescente seria descrito como &#8220;lindo bisneto&#8221; de Priscilla.<\/p>\n<p class=\"text\">Ao site TMZ, os advogados de Priscilla afirmaram que as alega\u00e7\u00f5es s\u00e3o infundadas, n\u00e3o t\u00eam rela\u00e7\u00e3o com o processo principal e teriam como objetivo causar sofrimento \u00e0 fam\u00edlia. A defesa de Brigitte, por sua vez, disse que o documento busca revelar a verdade e corrigir registros, negando irregularidades.<\/p>\n<p class=\"text\">O TMZ ainda informou que procurou a equipe de John Travolta, mas n\u00e3o obteve resposta at\u00e9 a publica\u00e7\u00e3o da reportagem. O caso ocorre em meio a uma a\u00e7\u00e3o judicial iniciada no ano passado, quando Priscilla processou Brigitte e ex-associados por fraude e abuso financeiro, acusa\u00e7\u00f5es que foram negadas por eles.<\/p>\n","protected":false},"excerpt":{"rendered":"Alega\u00e7\u00e3o em processo judicial diz que filho mais novo do ator pode ter nascido do \u00f3vulo de Riley&hellip;\n","protected":false},"author":2,"featured_media":193721,"comment_status":"","ping_status":"","sticky":false,"template":"","format":"standard","meta":{"footnotes":""},"categories":[145],"tags":[211,210,6172,114,115,37069,38854,22292,32,33,38855],"class_list":{"0":"post-193720","1":"post","2":"type-post","3":"status-publish","4":"format-standard","5":"has-post-thumbnail","7":"category-celebridades","8":"tag-celebridades","9":"tag-celebrities","10":"tag-elvis-presley","11":"tag-entertainment","12":"tag-entretenimento","13":"tag-john-travolta","14":"tag-kelly-preston","15":"tag-lisa-marie-presley","16":"tag-portugal","17":"tag-pt","18":"tag-riley-keough"},"share_on_mastodon":{"url":"https:\/\/pubeurope.com\/@pt\/115742166776063175","error":""},"_links":{"self":[{"href":"https:\/\/www.europesays.com\/pt\/wp-json\/wp\/v2\/posts\/193720","targetHints":{"allow":["GET"]}}],"collection":[{"href":"https:\/\/www.europesays.com\/pt\/wp-json\/wp\/v2\/posts"}],"about":[{"href":"https:\/\/www.europesays.com\/pt\/wp-json\/wp\/v2\/types\/post"}],"author":[{"embeddable":true,"href":"https:\/\/www.europesays.com\/pt\/wp-json\/wp\/v2\/users\/2"}],"replies":[{"embeddable":true,"href":"https:\/\/www.europesays.com\/pt\/wp-json\/wp\/v2\/comments?post=193720"}],"version-history":[{"count":0,"href":"https:\/\/www.europesays.com\/pt\/wp-json\/wp\/v2\/posts\/193720\/revisions"}],"wp:featuredmedia":[{"embeddable":true,"href":"https:\/\/www.europesays.com\/pt\/wp-json\/wp\/v2\/media\/193721"}],"wp:attachment":[{"href":"https:\/\/www.europesays.com\/pt\/wp-json\/wp\/v2\/media?parent=193720"}],"wp:term":[{"taxonomy":"category","embeddable":true,"href":"https:\/\/www.europesays.com\/pt\/wp-json\/wp\/v2\/categories?post=193720"},{"taxonomy":"post_tag","embeddable":true,"href":"https:\/\/www.europesays.com\/pt\/wp-json\/wp\/v2\/tags?post=193720"}],"curies":[{"name":"wp","href":"https:\/\/api.w.org\/{rel}","templated":true}]}}