{"id":193726,"date":"2025-12-18T19:18:15","date_gmt":"2025-12-18T19:18:15","guid":{"rendered":"https:\/\/www.europesays.com\/pt\/193726\/"},"modified":"2025-12-18T19:18:15","modified_gmt":"2025-12-18T19:18:15","slug":"acaba-de-estrear-na-netflix-o-documentario-sobre-o-misterioso-assassinato-de-um-dos-homens-mais-ricos-do-mundo","status":"publish","type":"post","link":"https:\/\/www.europesays.com\/pt\/193726\/","title":{"rendered":"Acaba de estrear na Netflix o document\u00e1rio sobre o misterioso assassinato de um dos homens mais ricos do mundo"},"content":{"rendered":"<p>\u201cM\u00f4naco \u00e9 quase uma rep\u00fablica das bananas\u201d, diz Isabel Vincent numa das sequ\u00eancias finais de \u201cAssassinato em M\u00f4naco\u201d, o document\u00e1rio sobre a morte brutal e, \u00e0 primeira vista, nebulosa de um dos homens mais ricos do mundo \u2014 \u00e0 primeira vista, reforce-se. Ao longo da hora e meia do filme, por\u00e9m, o diretor Hodges Usry mostra que onde h\u00e1 fuma\u00e7a h\u00e1 fogo, sim, e que o argumento da jornalista canadense nunca fora desabusado o bastante para que se retirasse da cena do crime um personagem cheio de incoer\u00eancias e sortil\u00e9gios, que poderia iluminar alguns pontos cegos de uma trama escabrosa. Os bastidores do assassinato do bilion\u00e1rio judeu-s\u00edrio naturalizado brasileiro Edmond Jacob Safra (1932-1999) desdobram-se em camadas mais e mais densas e aterradoras, at\u00e9 que o cerco se fecha e o jogo de um psicopata chega ao fim.<\/p>\n<p>Em tr\u00eas de dezembro de 1999, Safra, dono de v\u00e1rios bancos pelo mundo, incluindo o Republic National Bank of New York, nos Estados Unidos, e, com uma fortuna avaliada em 2,5 bilh\u00f5es de d\u00f3lares, e uma de suas enfermeiras, Vivian Torrente, foram encontrados mortos na luxuosa cobertura do edif\u00edcio Belle \u00c9poque, sede do banco que leva o nome da fam\u00edlia, em decorr\u00eancia de um inc\u00eandio. Se o caso \u00e9 escandaloso at\u00e9 mesmo para os padr\u00f5es do Brasil, com sua taxa de homic\u00eddios de 21,2 por cem mil habitantes, no principado n\u00e3o havia ningu\u00e9m que n\u00e3o tenha ficado em choque ao pensar que homens encapuzados invadiram aquele palacete suspenso, protegido por c\u00e2meras de seguran\u00e7a e vigilantes empunhando armas de grosso calibre e espalharam o terror a um homem idoso, sofrendo as agruras do mal de Parkinson, e sua assistente. Usry recupera imagens e o que foi publicado sobre o epis\u00f3dio naquele per\u00edodo, mas, por \u00f3bvio, s\u00e3o as declara\u00e7\u00f5es de juristas, profissionais de imprensa e gente com algum v\u00ednculo junto aos Safra que d\u00e3o ao trabalho do diretor a aura de um true crime necess\u00e1rio. Inclusive o pr\u00f3prio assassino.\u00a0<\/p>\n<p>Ted Maher, um suposto ex-oficial dos Boinas Verdes, era o outro enfermeiro de plant\u00e3o na noite dos assassinatos, e suas interven\u00e7\u00f5es s\u00e3o uma mistura de del\u00edrios de grandeza e autoelogios infantis, pat\u00e9ticos. Segundo Maher, dois invasores conseguiram vencer o esquema de patrulhamento mantido por Safra e chegado \u00e0s depend\u00eancias do im\u00f3vel. O funcion\u00e1rio teria avan\u00e7ado sobre os bandidos, que o esfaquearam na coxa e no abd\u00f4men, enquanto o patr\u00e3o e a colega esconderam-se num c\u00f4modo blindado, levando o telefone de Maher. Tudo parecia encaminhar-se para um desfecho admiss\u00edvel, n\u00e3o fosse a vaidade megal\u00f4mana do enfermeiro. Na inten\u00e7\u00e3o de acionar o alarme, Maher queimou pap\u00e9is numa lixeira, e em minutos as labaredas varreram tudo. Mas o que \u00e9 ruim sempre ficar pior.<\/p>\n<p>Depois de ter admitido a autoria do inc\u00eandio, Maher voltou atr\u00e1s, dizendo que sua confiss\u00e3o estava em franc\u00eas, idioma que ele n\u00e3o domina. A minuciosa pesquisa de Usry provou que o documento fora antes traduzido para o ingl\u00eas, e ap\u00f3s dois anos detido, ele foi condenado a dez anos de pris\u00e3o. At\u00e9 hoje, Maher insiste na hip\u00f3tese de que Safra fora exterminado por ordens de Vladimir Putin, porque o banqueiro teria delatado uma rede de lavagem de dinheiro da m\u00e1fia russa. Tudo \u00e9 ainda mais melanc\u00f3lico quando se ouve Vincent. Nos infames \u201cGilded Lily: Lily Safra: The Making of One of the World\u2019s Wealthiest Widows\u201d (\u201cl\u00edrio dourado: Lily Safra: a ascens\u00e3o de uma das vi\u00favas mais ricas do mundo\u201d, em tradu\u00e7\u00e3o literal; 2010) e \u201cDinner with Edward: A Story of an Unexpected Friendship\u201d (\u201cjantar com Edward: a hist\u00f3ria de uma amizade inesperada\u201d, idem; 2016), a jornalista, sem nenhuma evid\u00eancia, insiste na tese de que a esposa de Edmond Safra foi a mandante, e teve o livro banido no Brasil, pa\u00eds natal da filantropa, morta em 2022. Atualmente, Vicky, a vi\u00fava de Joseph Safra (1938-2020), irm\u00e3o de Edmond, e seus filhos figuram entre as pessoas mais endinheiradas do Brasil e do mundo. Vicky \u00e9 listada como a mulher mais rica do Brasil segundo levantamento da revista \u201cForbes\u201d em 2025, com um patrim\u00f4nio de R$ 120,5 bilh\u00f5es.\u00a0<\/p>\n<p>\n<strong>Filme: <\/strong><br \/>\nAssassinato em M\u00f4naco\u00a0<\/p>\n<p>\n<strong>Diretor: <\/strong><\/p>\n<p>Hodges Usry                <\/p>\n<p>\n<strong>Ano: <\/strong><br \/>\n2025<\/p>\n<p>\n<strong>G\u00eanero: <\/strong><br \/>\nCrime\/Document\u00e1rio<\/p>\n<p>\n<strong>Avalia\u00e7\u00e3o: <\/strong><\/p>\n<p>9\/10<br \/>\n1<br \/>\n1<\/p>\n<p>Giancarlo Galdino<\/p>\n<p>\n\u2605\u2605\u2605\u2605\u2605\u2605\u2605\u2605\u2605\u2605<\/p>\n","protected":false},"excerpt":{"rendered":"\u201cM\u00f4naco \u00e9 quase uma rep\u00fablica das bananas\u201d, diz Isabel Vincent numa das sequ\u00eancias finais de \u201cAssassinato em M\u00f4naco\u201d,&hellip;\n","protected":false},"author":2,"featured_media":193727,"comment_status":"","ping_status":"","sticky":false,"template":"","format":"standard","meta":{"footnotes":""},"categories":[140],"tags":[114,115,147,148,146,716,32,33],"class_list":{"0":"post-193726","1":"post","2":"type-post","3":"status-publish","4":"format-standard","5":"has-post-thumbnail","7":"category-filmes","8":"tag-entertainment","9":"tag-entretenimento","10":"tag-film","11":"tag-filmes","12":"tag-movies","13":"tag-netflix","14":"tag-portugal","15":"tag-pt"},"share_on_mastodon":{"url":"https:\/\/pubeurope.com\/@pt\/115742186175986036","error":""},"_links":{"self":[{"href":"https:\/\/www.europesays.com\/pt\/wp-json\/wp\/v2\/posts\/193726","targetHints":{"allow":["GET"]}}],"collection":[{"href":"https:\/\/www.europesays.com\/pt\/wp-json\/wp\/v2\/posts"}],"about":[{"href":"https:\/\/www.europesays.com\/pt\/wp-json\/wp\/v2\/types\/post"}],"author":[{"embeddable":true,"href":"https:\/\/www.europesays.com\/pt\/wp-json\/wp\/v2\/users\/2"}],"replies":[{"embeddable":true,"href":"https:\/\/www.europesays.com\/pt\/wp-json\/wp\/v2\/comments?post=193726"}],"version-history":[{"count":0,"href":"https:\/\/www.europesays.com\/pt\/wp-json\/wp\/v2\/posts\/193726\/revisions"}],"wp:featuredmedia":[{"embeddable":true,"href":"https:\/\/www.europesays.com\/pt\/wp-json\/wp\/v2\/media\/193727"}],"wp:attachment":[{"href":"https:\/\/www.europesays.com\/pt\/wp-json\/wp\/v2\/media?parent=193726"}],"wp:term":[{"taxonomy":"category","embeddable":true,"href":"https:\/\/www.europesays.com\/pt\/wp-json\/wp\/v2\/categories?post=193726"},{"taxonomy":"post_tag","embeddable":true,"href":"https:\/\/www.europesays.com\/pt\/wp-json\/wp\/v2\/tags?post=193726"}],"curies":[{"name":"wp","href":"https:\/\/api.w.org\/{rel}","templated":true}]}}