{"id":193730,"date":"2025-12-18T19:20:10","date_gmt":"2025-12-18T19:20:10","guid":{"rendered":"https:\/\/www.europesays.com\/pt\/193730\/"},"modified":"2025-12-18T19:20:10","modified_gmt":"2025-12-18T19:20:10","slug":"verao-e-saude-veja-como-aproveitar-a-estacao-com-seguranca","status":"publish","type":"post","link":"https:\/\/www.europesays.com\/pt\/193730\/","title":{"rendered":"Ver\u00e3o e sa\u00fade: veja como aproveitar a esta\u00e7\u00e3o com seguran\u00e7a"},"content":{"rendered":"<p><img fetchpriority=\"high\" decoding=\"async\" class=\"w-fit lg:w-full\" loading=\"eager\" src=\"https:\/\/www.europesays.com\/pt\/wp-content\/uploads\/2025\/12\/5571253_ff98d8f77c7c860.jpg\" title=\"Ground Picture \/ Shutterstock | Portal EdiCase\" alt=\"Ground Picture \/ Shutterstock | Portal EdiCase\" width=\"700\" height=\"477\"\/>Cuidar da sa\u00fade no ver\u00e3o \u00e9 essencial para aproveitar o sol, o lazer e os encontros com mais seguran\u00e7a e bem-estar Ground Picture \/ Shutterstock | Portal EdiCase<\/p>\n<p>Com a chegada do ver\u00e3o, a rotina de praia, piscina e festas se intensifica. Junto a esse clima mais descontra\u00eddo, surgem tamb\u00e9m cuidados extras, j\u00e1 que algumas condi\u00e7\u00f5es de sa\u00fade se tornam mais comuns nessa \u00e9poca do ano, exigindo aten\u00e7\u00e3o com hidrata\u00e7\u00e3o, exposi\u00e7\u00e3o ao sol e h\u00e1bitos do dia a dia.<\/p>\n<p>Para orientar sobre preven\u00e7\u00e3o, especialistas em dermatologia, infectologia, oftalmologia e nutri\u00e7\u00e3o dos hospitais S\u00e3o Marcelino Champagnat e Universit\u00e1rio Cajuru detalham cuidados simples que ajudam a evitar problemas comuns do per\u00edodo. Confira!<\/p>\n<p>1. Pele e cabelos: fotoprote\u00e7\u00e3o refor\u00e7ada<\/p>\n<p>O ver\u00e3o coincide com o Dezembro Laranja, campanha de conscientiza\u00e7\u00e3o sobre o c\u00e2ncer de pele. A dermatologista do Hospital Universit\u00e1rio Cajuru, Flavia Prevedelo, destaca que a fotoprote\u00e7\u00e3o \u00e9 o principal <strong>cuidado<\/strong> da temporada.\u00a0<\/p>\n<p>Ela orienta o uso da \u201cregra dos tr\u00eas dedos\u201d: m\u00e9todo pr\u00e1tico para garantir a quantidade correta de protetor solar para rosto e pesco\u00e7o, aplicando uma linha cont\u00ednua do produto nos dedos indicador, m\u00e9dio e anelar e espalhando uniformemente pela pele. A m\u00e9dica tamb\u00e9m recomenda que o produto seja aplicado de 20 a 30 minutos antes da exposi\u00e7\u00e3o ao sol, com reaplica\u00e7\u00e3o a cada tr\u00eas horas ou ap\u00f3s o banho de mar ou de piscina.<\/p>\n<p>Os cabelos tamb\u00e9m exigem aten\u00e7\u00e3o. Sol, cloro e sal favorecem o ressecamento e o desbotamento da cor. Acess\u00f3rios como len\u00e7os e bon\u00e9s, al\u00e9m de produtos com prote\u00e7\u00e3o UV, ajudam a reduzir os danos. Umedecer os <strong>fios<\/strong> com \u00e1gua doce antes do mergulho \u00e9 uma medida simples que reduz a absor\u00e7\u00e3o de subst\u00e2ncias agressivas.<\/p>\n<p>Na areia, doen\u00e7as como micoses e bicho-geogr\u00e1fico tendem a ser mais frequentes. \u201cO bicho-geogr\u00e1fico aparece como uma les\u00e3o em forma de \u2018caminho\u2019 na pele. \u00c9 importante procurar atendimento m\u00e9dico porque h\u00e1 tratamento espec\u00edfico\u201d, observa a dermatologista.<\/p>\n<p>2. Infectologia: calor favorece infec\u00e7\u00f5es, mas preven\u00e7\u00e3o \u00e9 simples<\/p>\n<p>A infectologista do Hospital S\u00e3o Marcelino Champagnat, Camila Ahrens, explica que o calor e a umidade criam condi\u00e7\u00f5es prop\u00edcias ao desenvolvimento de v\u00edrus, fungos e bact\u00e9rias. Segundo ela, aumentam especialmente os casos de micoses, gastroenterites e conjuntivites. Apesar disso, medidas b\u00e1sicas costumam ser suficientes para reduzir a maior parte dos riscos.<\/p>\n<p>Manter a pele seca, trocar roupas molhadas rapidamente, usar chinelos em ambientes \u00famidos e higienizar as m\u00e3os com frequ\u00eancia s\u00e3o cuidados eficazes. Em praias e piscinas, a recomenda\u00e7\u00e3o \u00e9 evitar entrar na \u00e1gua com feridas abertas e priorizar locais com tratamento adequado. Ap\u00f3s o banho de mar ou de piscina, vale <strong>enxaguar<\/strong> o corpo e secar bem as dobras.<\/p>\n<p>A infectologista tamb\u00e9m observa maior incid\u00eancia de intoxica\u00e7\u00f5es alimentares. \u201cBact\u00e9rias como Salmonella e E. coli se multiplicam mais rapidamente no calor. Por isso, observe a higiene do local e evite alimentos expostos sem refrigera\u00e7\u00e3o\u201d, orienta. Na maioria das vezes, os quadros n\u00e3o s\u00e3o graves, mas a combina\u00e7\u00e3o de v\u00f4mitos persistentes, febre e sinais de desidrata\u00e7\u00e3o merece aten\u00e7\u00e3o.<\/p>\n<p><img decoding=\"async\" class=\"w-fit lg:w-full\" loading=\"eager\" src=\"https:\/\/www.europesays.com\/pt\/wp-content\/uploads\/2025\/12\/5571255_a77f6376a62548a.jpg\" title=\"A HIP A HUB STOCK \/ Shutterstock | Portal EdiCase\" alt=\"A HIP A HUB STOCK \/ Shutterstock | Portal EdiCase\" width=\"700\" height=\"477\"\/>A prote\u00e7\u00e3o adequada dos olhos ajuda a reduzir os danos causados pela radia\u00e7\u00e3o solar A HIP A HUB STOCK \/ Shutterstock | Portal EdiCase<\/p>\n<p>3. Olhos: prote\u00e7\u00e3o vai al\u00e9m dos \u00f3culos escuros<\/p>\n<p>O oftalmologista do Hospital S\u00e3o Marcelino Champagnat, Dhiogo C\u00f4rrea, lembra que os olhos ficam expostos tanto \u00e0 luz direta quanto aos reflexos da \u00e1gua e da areia. Ele alerta que a radia\u00e7\u00e3o ultravioleta pode queimar a c\u00f3rnea e, a longo prazo, aumentar o risco de pter\u00edgio e catarata. \u201c\u00c9 fundamental usar \u00f3culos com prote\u00e7\u00e3o UV de verdade. \u00c9 prefer\u00edvel n\u00e3o usar <strong>\u00f3culos de sol <\/strong>do que usar \u00f3culos falsificados\u201d, ressalta.<\/p>\n<p>Piscinas, mar e vento favorecem a ocorr\u00eancia de conjuntivites e irrita\u00e7\u00f5es oculares. O m\u00e9dico recomenda evitar co\u00e7ar os olhos, refor\u00e7ar a higiene das m\u00e3os e n\u00e3o compartilhar toalhas nem maquiagem.\u00a0Para usu\u00e1rios de lentes de contato, o alerta \u00e9 ainda maior: o ideal \u00e9 n\u00e3o nadar com elas. Caso n\u00e3o seja poss\u00edvel, o uso de modelos descart\u00e1veis di\u00e1rios, combinado com \u00f3culos de nata\u00e7\u00e3o bem vedados, reduz o risco de contamina\u00e7\u00e3o.<\/p>\n<p>4. Alimenta\u00e7\u00e3o e hidrata\u00e7\u00e3o: equil\u00edbrio nas festas e viagens<\/p>\n<p>As celebra\u00e7\u00f5es de fim de ano tendem a aumentar o consumo de alimentos cal\u00f3ricos e de bebidas alco\u00f3licas. A nutricionista do Hospital S\u00e3o Marcelino Champagnat, Marcella Oliveira, explica que o excesso normalmente ocorre devido \u00e0 variedade de pratos, n\u00e3o pela fome. \u201cA melhor estrat\u00e9gia \u00e9 fazer por\u00e7\u00f5es pequenas para aproveitar sem exagerar\u201d, orienta.<\/p>\n<p>Ela recomenda manter as <strong>refei\u00e7\u00f5es<\/strong> regulares ao longo do dia para evitar compensa\u00e7\u00f5es e epis\u00f3dios de compuls\u00e3o \u00e0 noite. Em rela\u00e7\u00e3o \u00e0 hidrata\u00e7\u00e3o, a orienta\u00e7\u00e3o m\u00e9dia \u00e9 de 35 ml de \u00e1gua por quilo de peso corporal, aumentando essa ingest\u00e3o nos dias mais quentes. Para quem consome \u00e1lcool, alternar cada bebida com um copo de \u00e1gua ajuda a reduzir a desidrata\u00e7\u00e3o e o mal-estar.<\/p>\n<p>Marcella Oliveira refor\u00e7a que a celebra\u00e7\u00e3o n\u00e3o compromete a rotina alimentar. \u201cUm dia de festa n\u00e3o anula meses de esfor\u00e7o. Coma sem culpa e retome a rotina no dia seguinte\u201d, afirma.<\/p>\n<p>5. Sa\u00fade geral no calor: aten\u00e7\u00e3o aos sinais do corpo<\/p>\n<p>O cl\u00ednico m\u00e9dico dos hospitais Universit\u00e1rio Cajuru e S\u00e3o Marcelino Champagnat, Ricardo Gullit, refor\u00e7a que as altas temperaturas tornam mais comuns quadros como desidrata\u00e7\u00e3o, exaust\u00e3o pelo calor e insola\u00e7\u00e3o.\u00a0Segundo ele, esses problemas podem come\u00e7ar de forma discreta, mas evoluir rapidamente. Por isso, fique atento aos sintomas:<\/p>\n<ul>\n<li class=\"unordered-list-item\"><strong>Insola\u00e7\u00e3o: <\/strong>causa febre muito alta, pele quente e seca, dor de cabe\u00e7a intensa, n\u00e1useas, confus\u00e3o mental e, em alguns casos, desmaio;<\/li>\n<li class=\"unordered-list-item\"><strong>Desidrata\u00e7\u00e3o:<\/strong> apresenta sede intensa, boca seca, tontura e redu\u00e7\u00e3o do volume urin\u00e1rio;<\/li>\n<li class=\"unordered-list-item\"><strong>Exaust\u00e3o pelo calor<\/strong>: tende a provocar suor excessivo, fraqueza e c\u00e3ibras.<\/li>\n<\/ul>\n<p>Ricardo Gullit destaca que, no ver\u00e3o, a necessidade de hidrata\u00e7\u00e3o aumenta para todas as faixas et\u00e1rias, mas crian\u00e7as e idosos exigem aten\u00e7\u00e3o especial, j\u00e1 que desidratam mais rapidamente e nem sempre conseguem comunicar a sede. Ele tamb\u00e9m orienta a evitar exerc\u00edcios ao ar livre entre 10h e 16h, per\u00edodo de maior radia\u00e7\u00e3o e risco de hipertermia. \u201cHidratar-se antes, durante e depois da atividade e fazer pausas em locais com sombra reduz significativamente o risco de exaust\u00e3o\u201d, afirma.<\/p>\n<p>Ver\u00e3o pode ser mais leve<\/p>\n<p>A fotoprote\u00e7\u00e3o adequada, a hidrata\u00e7\u00e3o refor\u00e7ada, o cuidado com os olhos, a aten\u00e7\u00e3o aos ambientes compartilhados e as escolhas alimentares equilibradas ajudam a atravessar a esta\u00e7\u00e3o com seguran\u00e7a. Com informa\u00e7\u00f5es claras e medidas simples, \u00e9 poss\u00edvel aproveitar o ver\u00e3o sem abrir m\u00e3o da sa\u00fade e com foco no que a temporada oferece: descanso, lazer e encontros.<\/p>\n","protected":false},"excerpt":{"rendered":"Cuidar da sa\u00fade no ver\u00e3o \u00e9 essencial para aproveitar o sol, o lazer e os encontros com mais&hellip;\n","protected":false},"author":2,"featured_media":193731,"comment_status":"","ping_status":"","sticky":false,"template":"","format":"standard","meta":{"footnotes":""},"categories":[86],"tags":[4227,116,32,33,117],"class_list":{"0":"post-193730","1":"post","2":"type-post","3":"status-publish","4":"format-standard","5":"has-post-thumbnail","7":"category-saude","8":"tag-edi-case","9":"tag-health","10":"tag-portugal","11":"tag-pt","12":"tag-saude"},"share_on_mastodon":{"url":"https:\/\/pubeurope.com\/@pt\/115742194189574009","error":""},"_links":{"self":[{"href":"https:\/\/www.europesays.com\/pt\/wp-json\/wp\/v2\/posts\/193730","targetHints":{"allow":["GET"]}}],"collection":[{"href":"https:\/\/www.europesays.com\/pt\/wp-json\/wp\/v2\/posts"}],"about":[{"href":"https:\/\/www.europesays.com\/pt\/wp-json\/wp\/v2\/types\/post"}],"author":[{"embeddable":true,"href":"https:\/\/www.europesays.com\/pt\/wp-json\/wp\/v2\/users\/2"}],"replies":[{"embeddable":true,"href":"https:\/\/www.europesays.com\/pt\/wp-json\/wp\/v2\/comments?post=193730"}],"version-history":[{"count":0,"href":"https:\/\/www.europesays.com\/pt\/wp-json\/wp\/v2\/posts\/193730\/revisions"}],"wp:featuredmedia":[{"embeddable":true,"href":"https:\/\/www.europesays.com\/pt\/wp-json\/wp\/v2\/media\/193731"}],"wp:attachment":[{"href":"https:\/\/www.europesays.com\/pt\/wp-json\/wp\/v2\/media?parent=193730"}],"wp:term":[{"taxonomy":"category","embeddable":true,"href":"https:\/\/www.europesays.com\/pt\/wp-json\/wp\/v2\/categories?post=193730"},{"taxonomy":"post_tag","embeddable":true,"href":"https:\/\/www.europesays.com\/pt\/wp-json\/wp\/v2\/tags?post=193730"}],"curies":[{"name":"wp","href":"https:\/\/api.w.org\/{rel}","templated":true}]}}