{"id":193742,"date":"2025-12-18T19:32:11","date_gmt":"2025-12-18T19:32:11","guid":{"rendered":"https:\/\/www.europesays.com\/pt\/193742\/"},"modified":"2025-12-18T19:32:11","modified_gmt":"2025-12-18T19:32:11","slug":"esta-e-a-unica-condicao-que-goucha-impoe-para-continuar-a-fazer-o-seu-programa-de-televisao-odeio-secret-story","status":"publish","type":"post","link":"https:\/\/www.europesays.com\/pt\/193742\/","title":{"rendered":"Esta \u00e9 a \u00fanica condi\u00e7\u00e3o que Goucha imp\u00f5e para continuar a fazer o seu programa de televis\u00e3o: \u00abOdeio\u00bb &#8211; Secret Story"},"content":{"rendered":"<p data-end=\"403\" data-start=\"117\">O programa <strong data-end=\"140\" data-start=\"128\">Intui\u00e7\u00e3o<\/strong>, da TVI, conta, nesta primeira fase, com um total de 20 epis\u00f3dios, que est\u00e3o a ser emitidos ao longo do m\u00eas de dezembro. Apesar de o futuro do formato ainda estar em aberto, <strong><a href=\"https:\/\/tvi.iol.pt\/secretstory\/manuel-luis-goucha\/16-12-2025\/manuel-luis-goucha-tem-novo-projeto-fora-da-televisao-a-revelacao-que-esta-a-surpreender\" rel=\"nofollow noopener\" target=\"_blank\">Manuel Lu\u00eds Goucha<\/a> j\u00e1 sabe bem o que gostaria de manter caso o projeto regresse em 2026.<\/strong><\/p>\n<p data-end=\"696\" data-start=\"405\">Em entrevista com a SELFIE, o apresentador confessou que h\u00e1 uma condi\u00e7\u00e3o da qual n\u00e3o abdica: \u00abEspero que n\u00e3o haja sen\u00e3o na primavera, com bom tempo. Aquilo \u00e9 giro \u00e9 ao ar livre\u00bb, come\u00e7ou por dizer.<\/p>\n<p data-end=\"1006\" data-start=\"698\"><strong>Manuel Lu\u00eds Goucha revelou ainda que chegou a ser desafiado a gravar o formato em centros comerciais, mas rejeita completamente essa hip\u00f3tese: \u00ab<\/strong>O Jos\u00e9 Eduardo Moniz disse-me que eu poderia fazer em centros comerciais. N\u00e3o tem gra\u00e7a, aquilo \u00e9 giro \u00e9 ao ar livre. Quero ir para o Norte, por exemplo\u00bb, explicou.<\/p>\n<p data-end=\"1306\" data-start=\"1008\">O apresentador recordou alguns momentos marcantes das grava\u00e7\u00f5es, destacando a proximidade com as pessoas e os locais: \u00abNo epis\u00f3dio da Ericeira, jogou um padre, o padre da Ericeira, que foi o concorrente. No dia a seguir, fui para a feira de Carcavelos, nunca na minha vida tinha l\u00e1 ido\u00bb, partilhou.<\/p>\n<p data-end=\"1460\" data-start=\"1308\">Sem rodeios, Goucha deixou clara a sua posi\u00e7\u00e3o quanto a outros cen\u00e1rios: \u00abIr para um centro comercial? Odeio! Eu n\u00e3o vou a centros comerciais\u00bb, rematou.<\/p>\n<p data-end=\"1614\" data-start=\"1462\">Uma coisa \u00e9 certa: para Manuel Lu\u00eds Goucha, <strong data-end=\"1518\" data-start=\"1506\">Intui\u00e7\u00e3o<\/strong> s\u00f3 faz sentido se continuar a ser vivido na rua, perto das pessoas e longe de espa\u00e7os fechados.<\/p>\n<p data-end=\"1614\" data-start=\"1462\">\u00a0<\/p>\n<p>Manuel Lu\u00eds Goucha tem novo projeto fora da televis\u00e3o. A revela\u00e7\u00e3o que est\u00e1 a surpreender <\/p>\n<p data-end=\"1614\" data-start=\"1462\">A nova herdade de Manuel Lu\u00eds Goucha e Rui Oliveira Nunes, em Fronteira, ganhou vida no final do ver\u00e3o com a chegada de cerca de 30 vacas irlandesas, num projeto pensado ao detalhe pelo casal.<\/p>\n<p data-end=\"323\" data-start=\"144\">A nova herdade de Manuel Lu\u00eds Goucha e Rui Oliveira Nunes, em Fronteira, no distrito de Portalegre, j\u00e1 acolhe cerca de 30 vacas irlandesas adquiridas pelo casal no final do ver\u00e3o.<\/p>\n<p data-end=\"815\" data-start=\"325\">Os animais encontram-se agora a adaptar-se ao espa\u00e7o e a prepara\u00e7\u00e3o tem sido feita ao detalhe. \u00c0 margem da emiss\u00e3o especial da TVI \u201cH\u00e1 Festa no Hospital\u201d, realizada na passada ter\u00e7a-feira, dia 9, no Hospital Dona Estef\u00e2nia, o apresentador explicou que todo o processo foi cuidadosamente planeado. <strong>\u00abJ\u00e1 andam \u00e0 solta na nova herdade \u00e0 espera de serem cobertas pelo touro, que \u00e9 em janeiro. Tudo isto \u00e9 pensado. Houve que as vacinar, desparasitar&#8230; H\u00e1 toda uma log\u00edstica. Mas est\u00e1 a correr muito bem\u00bb<\/strong>, referiu.<\/p>\n<p data-end=\"1192\" data-start=\"817\">Conhecido pelo sentido de humor, Manuel Lu\u00eds Goucha aproveitou ainda para comentar os v\u00eddeos descontra\u00eddos que tem partilhado nas redes sociais, onde surge, por exemplo, a ler para as vacas. Entre risos, fez quest\u00e3o de sublinhar a divis\u00e3o de tarefas: \u00abEu fico com a parte est\u00e9tica, s\u00f3 fotografo. O Rui \u00e9 que trabalha ali no duro, assim como os nossos dois caseiros\u00bb, rematou.<\/p>\n","protected":false},"excerpt":{"rendered":"O programa Intui\u00e7\u00e3o, da TVI, conta, nesta primeira fase, com um total de 20 epis\u00f3dios, que est\u00e3o a&hellip;\n","protected":false},"author":2,"featured_media":193743,"comment_status":"","ping_status":"","sticky":false,"template":"","format":"standard","meta":{"footnotes":""},"categories":[142],"tags":[18706,114,115,18705,28348,3416,32,33,151,18704],"class_list":{"0":"post-193742","1":"post","2":"type-post","3":"status-publish","4":"format-standard","5":"has-post-thumbnail","7":"category-tv","8":"tag-bastidores-secret-story","9":"tag-entertainment","10":"tag-entretenimento","11":"tag-entrevistas-concorrentes-tvi","12":"tag-goucha","13":"tag-manuel-luis-goucha","14":"tag-portugal","15":"tag-pt","16":"tag-tv","17":"tag-vida-fora-da-casa"},"share_on_mastodon":{"url":"https:\/\/pubeurope.com\/@pt\/115742241466410832","error":""},"_links":{"self":[{"href":"https:\/\/www.europesays.com\/pt\/wp-json\/wp\/v2\/posts\/193742","targetHints":{"allow":["GET"]}}],"collection":[{"href":"https:\/\/www.europesays.com\/pt\/wp-json\/wp\/v2\/posts"}],"about":[{"href":"https:\/\/www.europesays.com\/pt\/wp-json\/wp\/v2\/types\/post"}],"author":[{"embeddable":true,"href":"https:\/\/www.europesays.com\/pt\/wp-json\/wp\/v2\/users\/2"}],"replies":[{"embeddable":true,"href":"https:\/\/www.europesays.com\/pt\/wp-json\/wp\/v2\/comments?post=193742"}],"version-history":[{"count":0,"href":"https:\/\/www.europesays.com\/pt\/wp-json\/wp\/v2\/posts\/193742\/revisions"}],"wp:featuredmedia":[{"embeddable":true,"href":"https:\/\/www.europesays.com\/pt\/wp-json\/wp\/v2\/media\/193743"}],"wp:attachment":[{"href":"https:\/\/www.europesays.com\/pt\/wp-json\/wp\/v2\/media?parent=193742"}],"wp:term":[{"taxonomy":"category","embeddable":true,"href":"https:\/\/www.europesays.com\/pt\/wp-json\/wp\/v2\/categories?post=193742"},{"taxonomy":"post_tag","embeddable":true,"href":"https:\/\/www.europesays.com\/pt\/wp-json\/wp\/v2\/tags?post=193742"}],"curies":[{"name":"wp","href":"https:\/\/api.w.org\/{rel}","templated":true}]}}