{"id":193759,"date":"2025-12-18T19:46:11","date_gmt":"2025-12-18T19:46:11","guid":{"rendered":"https:\/\/www.europesays.com\/pt\/193759\/"},"modified":"2025-12-18T19:46:11","modified_gmt":"2025-12-18T19:46:11","slug":"maria-botelho-moniz-expressa-gratidao-e-uma-coisa-que-tenho-de-agradecer-a-tvi-dois-as-10","status":"publish","type":"post","link":"https:\/\/www.europesays.com\/pt\/193759\/","title":{"rendered":"Maria Botelho Moniz expressa gratid\u00e3o: \u201c\u00c9 uma coisa que tenho de agradecer \u00e0 TVI\u201d &#8211; Dois \u00e0s 10"},"content":{"rendered":"<p>No <a href=\"https:\/\/tvi.iol.pt\/doisas10\/\" rel=\"nofollow noopener\" target=\"_blank\">\u201cDois \u00e0s 10\u201d<\/a>, todos ficam em sentido para receber a Major Maria Botelho Moniz, que se apresenta ao servi\u00e7o para uma miss\u00e3o muito especial: dar a conhecer a &#8220;1.\u00aa Companhia&#8221;. A estreia acontece j\u00e1 no dia 1 de Janeiro e promete marcar o regresso de um formato que fez hist\u00f3ria. Depois de 20 anos fora dos ecr\u00e3s, o reality show est\u00e1 de volta \u00e0 TVI, agora renovado e com novidades imperd\u00edveis que v\u00e3o surpreender os espectadores desde o primeiro minuto.<\/p>\n","protected":false},"excerpt":{"rendered":"No \u201cDois \u00e0s 10\u201d, todos ficam em sentido para receber a Major Maria Botelho Moniz, que se apresenta&hellip;\n","protected":false},"author":2,"featured_media":193760,"comment_status":"","ping_status":"","sticky":false,"template":"","format":"standard","meta":{"footnotes":""},"categories":[142],"tags":[31659,329,166,3412,3406,3409,801,3410,3411,3407,3408,114,115,3413,338,32,33,151],"class_list":{"0":"post-193759","1":"post","2":"type-post","3":"status-publish","4":"format-standard","5":"has-post-thumbnail","7":"category-tv","8":"tag-1-a-companhia","9":"tag-claudio-ramos","10":"tag-cristina-ferreira","11":"tag-dois-10","12":"tag-dois-a-s-10-dois-a-s-10","13":"tag-dois-a-s-dez","14":"tag-dois-as-10","15":"tag-dois-as-dez","16":"tag-dois-dez","17":"tag-doisas10","18":"tag-doisasdez","19":"tag-entertainment","20":"tag-entretenimento","21":"tag-manha-tvi","22":"tag-maria-botelho-moniz","23":"tag-portugal","24":"tag-pt","25":"tag-tv"},"share_on_mastodon":{"url":"https:\/\/pubeurope.com\/@pt\/115742296675370585","error":""},"_links":{"self":[{"href":"https:\/\/www.europesays.com\/pt\/wp-json\/wp\/v2\/posts\/193759","targetHints":{"allow":["GET"]}}],"collection":[{"href":"https:\/\/www.europesays.com\/pt\/wp-json\/wp\/v2\/posts"}],"about":[{"href":"https:\/\/www.europesays.com\/pt\/wp-json\/wp\/v2\/types\/post"}],"author":[{"embeddable":true,"href":"https:\/\/www.europesays.com\/pt\/wp-json\/wp\/v2\/users\/2"}],"replies":[{"embeddable":true,"href":"https:\/\/www.europesays.com\/pt\/wp-json\/wp\/v2\/comments?post=193759"}],"version-history":[{"count":0,"href":"https:\/\/www.europesays.com\/pt\/wp-json\/wp\/v2\/posts\/193759\/revisions"}],"wp:featuredmedia":[{"embeddable":true,"href":"https:\/\/www.europesays.com\/pt\/wp-json\/wp\/v2\/media\/193760"}],"wp:attachment":[{"href":"https:\/\/www.europesays.com\/pt\/wp-json\/wp\/v2\/media?parent=193759"}],"wp:term":[{"taxonomy":"category","embeddable":true,"href":"https:\/\/www.europesays.com\/pt\/wp-json\/wp\/v2\/categories?post=193759"},{"taxonomy":"post_tag","embeddable":true,"href":"https:\/\/www.europesays.com\/pt\/wp-json\/wp\/v2\/tags?post=193759"}],"curies":[{"name":"wp","href":"https:\/\/api.w.org\/{rel}","templated":true}]}}