{"id":193761,"date":"2025-12-18T19:47:21","date_gmt":"2025-12-18T19:47:21","guid":{"rendered":"https:\/\/www.europesays.com\/pt\/193761\/"},"modified":"2025-12-18T19:47:21","modified_gmt":"2025-12-18T19:47:21","slug":"vocalista-de-banda-de-rock-desmaia-apos-levar-choque-do-microfone","status":"publish","type":"post","link":"https:\/\/www.europesays.com\/pt\/193761\/","title":{"rendered":"Vocalista de banda de rock desmaia ap\u00f3s levar choque do microfone"},"content":{"rendered":"<p dir=\"ltr\">O jovem Carlos Su\u00e1rez, de 21 anos, foi v\u00edtima de um choque durante uma apresenta\u00e7\u00e3o da banda de rock Mi Major Amigo Scott. A descarga el\u00e9trica foi t\u00e3o forte que o rapaz caiu desmaiado, derrubando inclusive uma das partes da bateria, que estava atr\u00e1s dele.<\/p>\n<p dir=\"ltr\">Carlos e a banda se apresentavam em um bar no centro de Lima, capital do Peru, em uma noite que era dedicada \u00e0 apresenta\u00e7\u00e3o de artistas locais. Em um dos momentos do v\u00eddeo do show, \u00e9 poss\u00edvel ver o momento em que o jovem agarrou o microfone e ficou paralisado com o choque e acabou desabando para tr\u00e1s.<\/p>\n<p class=\"texto\"><strong><a href=\"https:\/\/whatsapp.com\/channel\/0029VaB1U9a002T64ex1Sy2w\" rel=\"nofollow noopener\" target=\"_blank\">Siga o canal do Correio no WhatsApp e receba as principais not\u00edcias do dia no seu celular<\/a><\/strong><\/p>\n<p dir=\"ltr\">O artista ficou alguns segundos deitado ap\u00f3s receber a descarga el\u00e9trica e acabou sendo acudido pelos companheiros de equipe e integrantes de outras bandas, sendo prontamente levado para o hospital. No perfil do Instagram, Su\u00e1rez comentou sobre o momento de susto.<\/p>\n<p dir=\"ltr\">&#8220;Passei por uma situa\u00e7\u00e3o muito traum\u00e1tica e quase perdi a vida. O que aconteceu poderia ter tido consequ\u00eancias fatais. Mas estou bem de sa\u00fade. Tenho algumas queimaduras no pesco\u00e7o, mas felizmente nenhuma outra complica\u00e7\u00e3o&#8221;, comentou o jovem.<\/p>\n<p dir=\"ltr\">Segundo o vocalista, os equipamentos j\u00e1 vinham apresentando problemas nas apresenta\u00e7\u00f5es das bandas anteriores. Su\u00e1rez disse que vai dar uma pausa com os shows enquanto se recupera f\u00edsica e emocionalmente.<\/p>\n<p dir=\"ltr\"><strong>* Estagi\u00e1rio sob supervis\u00e3o de\u00a0Roberto Fonseca<\/strong><\/p>\n<ul>\n<li><a href=\"https:\/\/wa.me\/?text=Vocalista+de+banda+de+rock+desmaia+ap%C3%B3s+levar+choque+do+microfone%20https:\/\/www.correiobraziliense.com.br\/mundo\/2025\/12\/7316043-vocalista-de-banda-de-rock-desmaia-apos-levar-choque-do-microfone.html\" target=\"_blank\" title=\"Whatsapp\" aria-label=\"WhatsApp\" rel=\"nofollow noopener\"><\/a><\/li>\n<li><a href=\"https:\/\/www.facebook.com\/sharer.php?u=https:\/\/www.correiobraziliense.com.br%2Fmundo%2F2025%2F12%2F7316043-vocalista-de-banda-de-rock-desmaia-apos-levar-choque-do-microfone.html&amp;text=Vocalista+de+banda+de+rock+desmaia+ap%C3%B3s+levar+choque+do+microfone\" target=\"_blank\" title=\"Facebook\" aria-label=\"Facebook\" rel=\"nofollow noopener\"><\/a><\/li>\n<li><a href=\"https:\/\/twitter.com\/intent\/tweet?url=https:\/\/www.correiobraziliense.com.br%2Fmundo%2F2025%2F12%2F7316043-vocalista-de-banda-de-rock-desmaia-apos-levar-choque-do-microfone.html&amp;text=Vocalista+de+banda+de+rock+desmaia+ap%C3%B3s+levar+choque+do+microfone\" target=\"_blank\" title=\"Twitter\" aria-label=\"Twitter\" rel=\"nofollow noopener\"><\/a><\/li>\n<li><a href=\"https:\/\/profile.google.com\/cp\/CgovbS8wNzZ0dms1\" title=\"Google Discover\" target=\"_blank\" aria-label=\"Google Discover\" rel=\"nofollow noopener\"><img decoding=\"async\" src=\"https:\/\/www.europesays.com\/pt\/wp-content\/uploads\/2025\/12\/google-discover-icon.png\" style=\"height: 25px; margin: 0 !important; margin-left: 3px;\" alt=\"Google Discover Icon\"\/><\/a><\/li>\n<\/ul>\n<p>              <a href=\"https:\/\/www.correiobraziliense.com.br\/autor\/julio-noronha*\/page\/1\/\" style=\"height: 100%;\" rel=\"nofollow noopener\" target=\"_blank\"><img decoding=\"async\" class=\"hidden-print author-circle d-block h6 mt-0 mb-0 mr-6 text-center\" src=\"https:\/\/www.europesays.com\/pt\/wp-content\/uploads\/2025\/08\/img_0174-57137037.jpeg\" alt=\"\" width=\"40\" height=\"40\" loading=\"lazy\" style=\"object-fit:cover; width: 40px; height: 40px; margin-right:10px;\"\/><\/a><a href=\"https:\/\/www.correiobraziliense.com.br\/autor\/julio-noronha*\/page\/1\/\" rel=\"nofollow noopener\" target=\"_blank\"><img decoding=\"async\" class=\"hidden-print author-circle d-block h6 mt-0 mb-0 mr-6 text-center\" src=\"https:\/\/www.europesays.com\/pt\/wp-content\/uploads\/2025\/08\/img_0174-57137037.jpeg\" alt=\"\" width=\"40\" height=\"40\" loading=\"lazy\" style=\"object-fit:cover; width: 40px; height: 40px; margin-right:10px;\"\/><\/a>J\u00falio Noronha*  <strong class=\"entryStrongAuthor\"\/><\/p>\n<p class=\"entryDescricaoAuthor\">Estudante de jornalismo no Centro Universit\u00e1rio Iesb, \u00e9 estagi\u00e1rio do site do Correio Braziliense.<\/p>\n<p>                          <script async src=\"https:\/\/platform.twitter.com\/widgets.js\" charset=\"utf-8\"><\/script><\/p>\n","protected":false},"excerpt":{"rendered":"O jovem Carlos Su\u00e1rez, de 21 anos, foi v\u00edtima de um choque durante uma apresenta\u00e7\u00e3o da banda de&hellip;\n","protected":false},"author":2,"featured_media":193762,"comment_status":"","ping_status":"","sticky":false,"template":"","format":"standard","meta":{"footnotes":""},"categories":[141],"tags":[11074,3118,114,115,149,150,32,33,1645,15190],"class_list":{"0":"post-193761","1":"post","2":"type-post","3":"status-publish","4":"format-standard","5":"has-post-thumbnail","7":"category-musica","8":"tag-choque","9":"tag-eletricidade","10":"tag-entertainment","11":"tag-entretenimento","12":"tag-music","13":"tag-musica","14":"tag-portugal","15":"tag-pt","16":"tag-rock","17":"tag-vocalista"},"share_on_mastodon":{"url":"https:\/\/pubeurope.com\/@pt\/115742300753420935","error":""},"_links":{"self":[{"href":"https:\/\/www.europesays.com\/pt\/wp-json\/wp\/v2\/posts\/193761","targetHints":{"allow":["GET"]}}],"collection":[{"href":"https:\/\/www.europesays.com\/pt\/wp-json\/wp\/v2\/posts"}],"about":[{"href":"https:\/\/www.europesays.com\/pt\/wp-json\/wp\/v2\/types\/post"}],"author":[{"embeddable":true,"href":"https:\/\/www.europesays.com\/pt\/wp-json\/wp\/v2\/users\/2"}],"replies":[{"embeddable":true,"href":"https:\/\/www.europesays.com\/pt\/wp-json\/wp\/v2\/comments?post=193761"}],"version-history":[{"count":0,"href":"https:\/\/www.europesays.com\/pt\/wp-json\/wp\/v2\/posts\/193761\/revisions"}],"wp:featuredmedia":[{"embeddable":true,"href":"https:\/\/www.europesays.com\/pt\/wp-json\/wp\/v2\/media\/193762"}],"wp:attachment":[{"href":"https:\/\/www.europesays.com\/pt\/wp-json\/wp\/v2\/media?parent=193761"}],"wp:term":[{"taxonomy":"category","embeddable":true,"href":"https:\/\/www.europesays.com\/pt\/wp-json\/wp\/v2\/categories?post=193761"},{"taxonomy":"post_tag","embeddable":true,"href":"https:\/\/www.europesays.com\/pt\/wp-json\/wp\/v2\/tags?post=193761"}],"curies":[{"name":"wp","href":"https:\/\/api.w.org\/{rel}","templated":true}]}}