{"id":193763,"date":"2025-12-18T19:48:22","date_gmt":"2025-12-18T19:48:22","guid":{"rendered":"https:\/\/www.europesays.com\/pt\/193763\/"},"modified":"2025-12-18T19:48:22","modified_gmt":"2025-12-18T19:48:22","slug":"dia-d-novo-filme-de-steven-spielberg-com-emily-blunt-ganha-teaser-misterioso-assista","status":"publish","type":"post","link":"https:\/\/www.europesays.com\/pt\/193763\/","title":{"rendered":"\u2018Dia D\u2019, novo filme de Steven Spielberg com Emily Blunt, ganha teaser misterioso; assista"},"content":{"rendered":"<p data-component-name=\"paragraph\" class=\"styles__ParagraphStyled-sc-6adecn-0 gsLklW  \">Novo filme de <a href=\"https:\/\/www.estadao.com.br\/tudo-sobre\/steven-spielberg\/\" target=\"_blank\" rel=\"nofollow noopener\"><strong>Steven Spielberg<\/strong><\/a>, <strong>Dia D<\/strong> teve seu primeiro teaser revelado. O v\u00eddeo mostra o que parece ser a revela\u00e7\u00e3o da presen\u00e7a de alien\u00edgenas na Terra &#8211; e tamb\u00e9m que eles podem ter influenciado a vida da humanidade.<\/p>\n<p data-component-name=\"paragraph\" class=\"styles__ParagraphStyled-sc-6adecn-0 gsLklW  \">O filme tamb\u00e9m teve sua data de estreia confirmada, entrando em cartaz nos cinemas brasileiros em 11 de junho de 2026.<\/p>\n<p><img  loading=\"lazy\" class=\"lazy-load-img\"\/><\/p>\n<p>Emily Blunt protagoniza &#8216;Dia D&#8217;, nova fic\u00e7\u00e3o cient\u00edfica de Steven Spielberg\u00a0Foto:  Universal Pictures\/Divulga\u00e7\u00e3o<\/p>\n<p data-component-name=\"paragraph\" class=\"styles__ParagraphStyled-sc-6adecn-0 gsLklW  \">A fic\u00e7\u00e3o cient\u00edfica \u00e9 estrelada por <a href=\"https:\/\/www.estadao.com.br\/tudo-sobre\/emily-blunt\/\" target=\"_blank\" rel=\"nofollow noopener\"><strong>Emily Blunt<\/strong><\/a> (Cora\u00e7\u00e3o de Lutador), <strong>Josh O\u2019Connor<\/strong> (Vivo ou Morto: Um Mist\u00e9rio Knives Out), <a href=\"https:\/\/www.estadao.com.br\/tudo-sobre\/colin-firth\/\" target=\"_blank\" rel=\"nofollow noopener\"><strong>Colin Firth<\/strong><\/a> (Bridget Jones: Louca Pelo Garoto), <strong>Eve Hewson<\/strong> (Jay Kelly), <strong>Colman Domingo<\/strong> (O Sobrevivente) e <strong>Wyatt Russell<\/strong> (Thunderbolts*).<\/p>\n<p data-component-name=\"paragraph\" class=\"styles__ParagraphStyled-sc-6adecn-0 gsLklW  \">Al\u00e9m do teaser e data de lan\u00e7amento, Dia D tamb\u00e9m ganhou novos p\u00f4steres, estampados por Blunt e O\u2019Connor.<\/p>\n<p>O roteiro \u00e9 assinado por Spielberg e <strong>David Koepp<\/strong>, que trabalharam juntos em Jurassic Park e Guerra dos Mundos.<\/p>\n<p>Dia D marca o retorno de Spielberg \u00e0 fic\u00e7\u00e3o cient\u00edfica ap\u00f3s sete anos. O diretor tem trabalhos muito elogiados e considerados cl\u00e1ssicos do g\u00eanero, como E.T.: O Extraterrestre, Contatos Imediatos de Terceiro Grau, Jurassic Park, Minority Report e Jogador N\u00ba1.<\/p>\n","protected":false},"excerpt":{"rendered":"Novo filme de Steven Spielberg, Dia D teve seu primeiro teaser revelado. O v\u00eddeo mostra o que parece&hellip;\n","protected":false},"author":2,"featured_media":193764,"comment_status":"","ping_status":"","sticky":false,"template":"","format":"standard","meta":{"footnotes":""},"categories":[140],"tags":[470,114,115,147,148,146,32,33,1711,2594],"class_list":{"0":"post-193763","1":"post","2":"type-post","3":"status-publish","4":"format-standard","5":"has-post-thumbnail","7":"category-filmes","8":"tag-cinema","9":"tag-entertainment","10":"tag-entretenimento","11":"tag-film","12":"tag-filmes","13":"tag-movies","14":"tag-portugal","15":"tag-pt","16":"tag-sample","17":"tag-steven-spielberg"},"share_on_mastodon":{"url":"https:\/\/pubeurope.com\/@pt\/115742304303031434","error":""},"_links":{"self":[{"href":"https:\/\/www.europesays.com\/pt\/wp-json\/wp\/v2\/posts\/193763","targetHints":{"allow":["GET"]}}],"collection":[{"href":"https:\/\/www.europesays.com\/pt\/wp-json\/wp\/v2\/posts"}],"about":[{"href":"https:\/\/www.europesays.com\/pt\/wp-json\/wp\/v2\/types\/post"}],"author":[{"embeddable":true,"href":"https:\/\/www.europesays.com\/pt\/wp-json\/wp\/v2\/users\/2"}],"replies":[{"embeddable":true,"href":"https:\/\/www.europesays.com\/pt\/wp-json\/wp\/v2\/comments?post=193763"}],"version-history":[{"count":0,"href":"https:\/\/www.europesays.com\/pt\/wp-json\/wp\/v2\/posts\/193763\/revisions"}],"wp:featuredmedia":[{"embeddable":true,"href":"https:\/\/www.europesays.com\/pt\/wp-json\/wp\/v2\/media\/193764"}],"wp:attachment":[{"href":"https:\/\/www.europesays.com\/pt\/wp-json\/wp\/v2\/media?parent=193763"}],"wp:term":[{"taxonomy":"category","embeddable":true,"href":"https:\/\/www.europesays.com\/pt\/wp-json\/wp\/v2\/categories?post=193763"},{"taxonomy":"post_tag","embeddable":true,"href":"https:\/\/www.europesays.com\/pt\/wp-json\/wp\/v2\/tags?post=193763"}],"curies":[{"name":"wp","href":"https:\/\/api.w.org\/{rel}","templated":true}]}}