{"id":193769,"date":"2025-12-18T19:52:31","date_gmt":"2025-12-18T19:52:31","guid":{"rendered":"https:\/\/www.europesays.com\/pt\/193769\/"},"modified":"2025-12-18T19:52:31","modified_gmt":"2025-12-18T19:52:31","slug":"linkedin-adere-a-tendencia-das-retrospetivas-e-faz-o-balanco-do-seu-ano-profissional","status":"publish","type":"post","link":"https:\/\/www.europesays.com\/pt\/193769\/","title":{"rendered":"LinkedIn adere \u00e0 tend\u00eancia das retrospetivas e faz o balan\u00e7o do seu ano profissional"},"content":{"rendered":"<p>\t\t\t\t\t\t\t\t<strong>O<\/strong><br \/>\n<strong>LinkedIn juntou-se \u00e0 lista de plataformas que apostam em retrospetivas de fim de ano, tendo lan\u00e7ado, esta quarta-feira, 17 de dezembro, o seu primeiro resumo anual personalizado. A nova funcionalidade disponibiliza um balan\u00e7o da atividade dos utilizadores, reunindo dados relativos a 2025 e informa\u00e7\u00e3o acumulada ao longo de todo o per\u00edodo de utiliza\u00e7\u00e3o da rede social profissional.<\/strong><\/p>\n<p>A retrospectiva permite identificar padr\u00f5es de uso do <a href=\"https:\/\/rhmagazine.pt\/sabe-como-responder-as-mensagens-dos-recrutadores-no-linkedin\/\" rel=\"nofollow noopener\" target=\"_blank\">LinkedIn<\/a>, desde o n\u00famero de dias em que a aplica\u00e7\u00e3o foi acedida ao longo do ano at\u00e9 \u00e0 posi\u00e7\u00e3o do utilizador face ao conjunto da comunidade. O resumo inclui ainda os hor\u00e1rios de maior utiliza\u00e7\u00e3o, bem como indicadores de atividade e envolvimento, como o n\u00famero de publica\u00e7\u00f5es realizadas, coment\u00e1rios e rea\u00e7\u00f5es, intera\u00e7\u00f5es com conte\u00fados de outros utilizadores e o total de novas liga\u00e7\u00f5es e seguidores conquistados durante o ano.<\/p>\n<p><img loading=\"lazy\" decoding=\"async\" class=\"wp-image-90904 aligncenter\" src=\"https:\/\/www.europesays.com\/pt\/wp-content\/uploads\/2025\/12\/WhatsApp-Image-2025-12-18-at-11.32.38.jpeg\" alt=\"\" width=\"539\" height=\"143\" data-attachment=\"90904\"  \/><\/p>\n<p>A funcionalidade encontra-se dispon\u00edvel exclusivamente atrav\u00e9s da aplica\u00e7\u00e3o m\u00f3vel do LinkedIn.<\/p>\n<p style=\"text-align: center;\"><strong>Aproveite e leia j\u00e1 as \u00faltimas edi\u00e7\u00f5es da RHmagazine\u00a0<a href=\"https:\/\/rhmagazine.pt\/quiosquerhmagazine\/?utm_source=artigos&amp;utm_medium=banner\" target=\"_blank\" rel=\"noopener noreferrer nofollow\">AQUI<\/a><\/strong><\/p>\n","protected":false},"excerpt":{"rendered":"O LinkedIn juntou-se \u00e0 lista de plataformas que apostam em retrospetivas de fim de ano, tendo lan\u00e7ado, esta&hellip;\n","protected":false},"author":2,"featured_media":193770,"comment_status":"","ping_status":"","sticky":false,"template":"","format":"standard","meta":{"footnotes":""},"categories":[84],"tags":[109,107,108,35610,14260,32,33,38856,105,103,104,106,110],"class_list":{"0":"post-193769","1":"post","2":"type-post","3":"status-publish","4":"format-standard","5":"has-post-thumbnail","7":"category-ciencia-e-tecnologia","8":"tag-ciencia","9":"tag-ciencia-e-tecnologia","10":"tag-cienciaetecnologia","11":"tag-linkedin","12":"tag-networking","13":"tag-portugal","14":"tag-pt","15":"tag-rede-social-profissional","16":"tag-science","17":"tag-science-and-technology","18":"tag-scienceandtechnology","19":"tag-technology","20":"tag-tecnologia"},"share_on_mastodon":{"url":"https:\/\/pubeurope.com\/@pt\/115742320112849078","error":""},"_links":{"self":[{"href":"https:\/\/www.europesays.com\/pt\/wp-json\/wp\/v2\/posts\/193769","targetHints":{"allow":["GET"]}}],"collection":[{"href":"https:\/\/www.europesays.com\/pt\/wp-json\/wp\/v2\/posts"}],"about":[{"href":"https:\/\/www.europesays.com\/pt\/wp-json\/wp\/v2\/types\/post"}],"author":[{"embeddable":true,"href":"https:\/\/www.europesays.com\/pt\/wp-json\/wp\/v2\/users\/2"}],"replies":[{"embeddable":true,"href":"https:\/\/www.europesays.com\/pt\/wp-json\/wp\/v2\/comments?post=193769"}],"version-history":[{"count":0,"href":"https:\/\/www.europesays.com\/pt\/wp-json\/wp\/v2\/posts\/193769\/revisions"}],"wp:featuredmedia":[{"embeddable":true,"href":"https:\/\/www.europesays.com\/pt\/wp-json\/wp\/v2\/media\/193770"}],"wp:attachment":[{"href":"https:\/\/www.europesays.com\/pt\/wp-json\/wp\/v2\/media?parent=193769"}],"wp:term":[{"taxonomy":"category","embeddable":true,"href":"https:\/\/www.europesays.com\/pt\/wp-json\/wp\/v2\/categories?post=193769"},{"taxonomy":"post_tag","embeddable":true,"href":"https:\/\/www.europesays.com\/pt\/wp-json\/wp\/v2\/tags?post=193769"}],"curies":[{"name":"wp","href":"https:\/\/api.w.org\/{rel}","templated":true}]}}