{"id":193787,"date":"2025-12-18T20:10:12","date_gmt":"2025-12-18T20:10:12","guid":{"rendered":"https:\/\/www.europesays.com\/pt\/193787\/"},"modified":"2025-12-18T20:10:12","modified_gmt":"2025-12-18T20:10:12","slug":"12-candidatos-nas-presidenciais-2026-em-portugal","status":"publish","type":"post","link":"https:\/\/www.europesays.com\/pt\/193787\/","title":{"rendered":"12 Candidatos nas Presidenciais 2026 em Portugal"},"content":{"rendered":"<p>Fechou esta tarde de quinta-feira o prazo para a entrega das candidaturas presidenciais para as elei\u00e7\u00f5es de 18 de janeiro de 2026. Joana Amaral Dias, do ADN, foi a \u00faltima a dirigir-se ao Tribunal Constitucional para endossar as 7500 assinaturas necess\u00e1rias para o sufr\u00e1gio. <strong>Assim, ser\u00e3o 12 os candidatos presidenciais, o que torna esta a corrida a mais concorrida da hist\u00f3ria em Portugal. Supera o valor de 2016, quando dez concorrentes cobi\u00e7aram o lugar deixado vago por Cavaco Silva, em fim de mandato. Nessa altura, estavam representados quatro partidos pol\u00edticos e seis independentes.<\/strong> <\/p>\n<p>Em 2026, essa \u00e9 uma das grandes altera\u00e7\u00f5es j\u00e1 que os partidos pol\u00edticos quiseram representar-se em for\u00e7a, associando-se a um candidato respetivo, com hist\u00f3ria no partido: o Bloco de Esquerda apoia Catarina Martins, ex-coordenadora, o PCP Ant\u00f3nio Filipe, antigo deputado, o Livre o atual deputado Jorge Pinto. <strong>O PS validou Ant\u00f3nio Jos\u00e9 Seguro e o PSD Marques Mendes, ambos antigos l\u00edderes dos respetivos partidos. Jo\u00e3o Cotrim de Figueiredo tem a Iniciativa Liberal, que liderou, a seu lado, e Andr\u00e9 Ventura \u00e9 o \u00fanico a concorrer enquanto dirigente m\u00e1ximo de partido, neste caso no Chega.<\/strong> Joana Amaral Dias est\u00e1 filiada no ADN. O CDS-PP associou-se a Marques Mendes e, no Parlamento, s\u00f3 JPP e PAN n\u00e3o declararam apoios.<\/p>\n<p><strong>Est\u00e3o quatro independentes a correr em dire\u00e7\u00e3o a Bel\u00e9m, embora, em julho, ainda estivessem mais de uma dezena de nomes com pr\u00e9-candidatura avan\u00e7ada.<\/strong> Henrique Gouveia e Melo, militar e ex-almirante da Marinha, \u00e9 o mais forte dos nomes e um dos candidatos \u00e0 segunda volta. Andr\u00e9 Pestana, que esteve ligado a movimentos de esquerda, Humberto Correia e Manuel Jo\u00e3o Vieira s\u00e3o outros a correr fora da esfera partid\u00e1ria.<\/p>\n<p>Manuela Magno, ao DN, assume que vai ficar fora do sufr\u00e1gio. \u201cPrecisava de mais 1700 assinaturas, logo n\u00e3o posso formalizar. H\u00e1 20 anos entreguei 7700 candidaturas e fui chumbada porque algumas n\u00e3o estavam anexadas, agrafadas. N\u00e3o cheguei ao boletim de voto. <strong>Mas agora foi ainda mais dif\u00edcil recolher assinaturas por dois motivos: as pessoas dizem-me na rua que est\u00e3o fartas de elei\u00e7\u00f5es e nem sequer querem ouvir falar de pol\u00edticos. E, depois, a chave m\u00f3vel digital, que poderia vir a facilitar o processo, apenas dificulta. Ora por falta de c\u00f3digo, ora por falta de leitor<\/strong>\u201d, lamenta a cientista licenciada em F\u00edsica Nuclear. <\/p>\n<p>Est\u00e1 filiada no Volt desde 2024, mas diz-se independente: \u201cO Volt identificou-se comigo, com o trabalho social, e partilhamos ideias. Estou filiada desde 2024, mas n\u00e3o me deram nem um euro. Nem eu queria. Decidi que iria candidatar-me em novembro de 2022.\u201d Critica a \u201cfalta de igualdade de oportunidades ao cidad\u00e3o comum\u201d e refere que fez queixa ao Minist\u00e9rio da Administra\u00e7\u00e3o Interna: \u201cSa\u00edram 180 proponentes da minha candidatura no site do portal da candidatura em outubro, muitos meses depois de se terem associado. <strong>\u00c9 regra da lei eleitoral s\u00f3 terem dez dias para o alterar.\u201d Sem \u201csaber onde votar ainda\u201d, admite que pode, \u201cpela primeira vez\u201d optar pelo \u201cvoto \u00fatil entre Seguro e Marques Mendes\u201d<\/strong>, deixando cr\u00edticas ao estatuto do social-democrata adquirido como comentador.<\/p>\n<p>Agora, as assinaturas ter\u00e3o de ser validadas para prosseguir os tr\u00e2mites legais. O Livre, face a ser a \u00faltima candidatura a ter sido apresentada e a ter uma menor base participativa em v\u00e1rias zonas do territ\u00f3rio, teve na chave m\u00f3vel digital um aliado para consolidar a candidatura.<\/p>\n<p>Conhe\u00e7a o perfil de cada candidatoAndr\u00e9 Pestana<\/p>\n<p>Professor e l\u00edder do Sindicato de Todos os Profissionais da Educa\u00e7\u00e3o (S.TO.P), foi dos primeiros candidatos a anunciar a inten\u00e7\u00e3o de concorrer a Bel\u00e9m. Tem 48 anos e um passado pol\u00edtico ligado a partidos de esquerda.<\/p>\n<p>Andr\u00e9 Ventura<\/p>\n<p>O presidente do Chega assume a candidatura apoiada pelo partido. \u00c9 a segunda vez que se candidata \u00e0 Presid\u00eancia da Rep\u00fablica. Em 2021 ficou no terceiro lugar, com um pouco menos de 500 mil votos.<\/p>\n<p>Ant\u00f3nio Filipe<\/p>\n<p>Ex-deputado do PCP, 62 anos, \u00e9 membro do partido desde 1983. Jurista e professor universit\u00e1rio, entrou na corrida presidencial apoiado pela CDU. <\/p>\n<p>Ant\u00f3nio Jos\u00e9 Seguro<\/p>\n<p>Antigo secret\u00e1rio-geral do PS, esteve afastado da vida pol\u00edtica ap\u00f3s sair da lideran\u00e7a do partido (que agora o apoia). Depois de ter sido comentador televisivo, decidiu avan\u00e7ar para a corrida a Bel\u00e9m. Al\u00e9m da pol\u00edtica, \u00e9 professor universit\u00e1rio.<\/p>\n<p>Catarina Martins<\/p>\n<p>A antiga l\u00edder do BE e atual eurodeputada, era a \u00fanica mulher nestas presidenciais, at\u00e9 Joana Amaral Dias ter oficializado a candidatura. Aos 52 anos, tentar\u00e1 um melhor resultado que o de Marisa Matias em 2021 (quinto lugar).<\/p>\n<p>Henrique Gouveia e Melo<\/p>\n<p>O almirante na reserva ficou conhecido por liderar a task force de vacina\u00e7\u00e3o da covid-19. N\u00e3o \u00e9 apoiado por nenhum partido. Entrou como principal favorito, mas tem descido nas sondagens.<\/p>\n<p>Humberto Correia<\/p>\n<p>Natural de Olh\u00e3o, o pintor e autor entregou 9 mil assinaturas. Concorreu em 2017 \u00e0 autarquia de Faro e agora quer chegar a Bel\u00e9m.<\/p>\n<p>Joana Amaral Dias<\/p>\n<p>Foi a \u00faltima candidata a entregar as assinaturas junto do TC. Tornou-se no 12.\u00ba nome a faz\u00ea-lo. \u00c9 apoiada pelo ADN, pelo qual foi cabe\u00e7a de lista por Lisboa nas legislativas.<\/p>\n<p>Jo\u00e3o Cotrim Figueiredo<\/p>\n<p>O antigo l\u00edder da IL foi o primeiro a entregar as assinaturas no TC. \u00c9 apoiado pelo partido que liderou, ap\u00f3s Mariana Leit\u00e3o ter desistido da candidatura.<\/p>\n<p>Jorge Pinto<\/p>\n<p>De entre os 12 nomes, o candidato apoiado pelo Livre foi o \u00faltimo a anunciar a sua candidatura. Aos 38 anos, \u00e9 o mais jovem candidato nestas presidenciais. \u00c9 deputado do Livre desde 2024.<\/p>\n<p>Lu\u00eds Marques Mendes<\/p>\n<p>O antigo l\u00edder do PSD (partido do qual se desfiliou quando disse ser candidato) \u00e9 apoiado pelos sociais-democratas e pelo CDS. Foi o primeiro candidato a anunciar-se como tal, logo a 6 de fevereiro. O tamb\u00e9m conselheiro de Estado (desde 2016) foi ainda deputado do PSD e ministro em dois governos. <\/p>\n<p>Manuel Jo\u00e3o vieira<\/p>\n<p>O m\u00fasico, rosto dos Ena P\u00e1 2000 e dos Irm\u00e3os Catita, j\u00e1 foi candidato anteriormente.  A primeira vez que o fez foi em 2001. Este ano, entra novamente na corrida ao Pal\u00e1cio de Bel\u00e9m, tendo apresentado 12.500 assinaturas junto do Tribunal Constitucional.<\/p>\n","protected":false},"excerpt":{"rendered":"Fechou esta tarde de quinta-feira o prazo para a entrega das candidaturas presidenciais para as elei\u00e7\u00f5es de 18&hellip;\n","protected":false},"author":2,"featured_media":189380,"comment_status":"","ping_status":"","sticky":false,"template":"","format":"standard","meta":{"footnotes":""},"categories":[10],"tags":[3399,36547,27,28,22436,37215,15,16,9498,14,33744,25,26,21,22,38860,24788,12,13,19,20,32,23,24,33,3720,17,18,29,30,31],"class_list":{"0":"post-193787","1":"post","2":"type-post","3":"status-publish","4":"format-standard","5":"has-post-thumbnail","7":"category-portugal","8":"tag-antonio-jose-seguro","9":"tag-assinaturas","10":"tag-breaking-news","11":"tag-breakingnews","12":"tag-candidatos","13":"tag-eleicoes-presidenciais-2026","14":"tag-featured-news","15":"tag-featurednews","16":"tag-gouveia-e-melo","17":"tag-headlines","18":"tag-joana-amaral-dias","19":"tag-latest-news","20":"tag-latestnews","21":"tag-main-news","22":"tag-mainnews","23":"tag-manuela-magno","24":"tag-marques-mendes","25":"tag-news","26":"tag-noticias","27":"tag-noticias-principais","28":"tag-noticiasprincipais","29":"tag-portugal","30":"tag-principais-noticias","31":"tag-principaisnoticias","32":"tag-pt","33":"tag-recorde","34":"tag-top-stories","35":"tag-topstories","36":"tag-ultimas","37":"tag-ultimas-noticias","38":"tag-ultimasnoticias"},"share_on_mastodon":{"url":"https:\/\/pubeurope.com\/@pt\/115742390728443250","error":""},"_links":{"self":[{"href":"https:\/\/www.europesays.com\/pt\/wp-json\/wp\/v2\/posts\/193787","targetHints":{"allow":["GET"]}}],"collection":[{"href":"https:\/\/www.europesays.com\/pt\/wp-json\/wp\/v2\/posts"}],"about":[{"href":"https:\/\/www.europesays.com\/pt\/wp-json\/wp\/v2\/types\/post"}],"author":[{"embeddable":true,"href":"https:\/\/www.europesays.com\/pt\/wp-json\/wp\/v2\/users\/2"}],"replies":[{"embeddable":true,"href":"https:\/\/www.europesays.com\/pt\/wp-json\/wp\/v2\/comments?post=193787"}],"version-history":[{"count":0,"href":"https:\/\/www.europesays.com\/pt\/wp-json\/wp\/v2\/posts\/193787\/revisions"}],"wp:featuredmedia":[{"embeddable":true,"href":"https:\/\/www.europesays.com\/pt\/wp-json\/wp\/v2\/media\/189380"}],"wp:attachment":[{"href":"https:\/\/www.europesays.com\/pt\/wp-json\/wp\/v2\/media?parent=193787"}],"wp:term":[{"taxonomy":"category","embeddable":true,"href":"https:\/\/www.europesays.com\/pt\/wp-json\/wp\/v2\/categories?post=193787"},{"taxonomy":"post_tag","embeddable":true,"href":"https:\/\/www.europesays.com\/pt\/wp-json\/wp\/v2\/tags?post=193787"}],"curies":[{"name":"wp","href":"https:\/\/api.w.org\/{rel}","templated":true}]}}