{"id":193813,"date":"2025-12-18T20:32:09","date_gmt":"2025-12-18T20:32:09","guid":{"rendered":"https:\/\/www.europesays.com\/pt\/193813\/"},"modified":"2025-12-18T20:32:09","modified_gmt":"2025-12-18T20:32:09","slug":"batman-dc-anuncia-retorno-do-coringa-e-grande-reviravolta-envolvendo-a-hera-venenosa","status":"publish","type":"post","link":"https:\/\/www.europesays.com\/pt\/193813\/","title":{"rendered":"Batman: DC anuncia retorno do Coringa e grande reviravolta envolvendo a Hera Venenosa"},"content":{"rendered":"<p class=\"wp-block-yoast-seo-estimated-reading-time yoast-reading-time__wrapper\">Estimated reading time: 3 minutos<\/p>\n<p>O <a href=\"https:\/\/ovicio.com.br\/tag\/Coringa\/\" target=\"_blank\" rel=\"noreferrer noopener nofollow\">Coringa<\/a> est\u00e1 voltando para atormentar a vida do <a href=\"https:\/\/ovicio.com.br\/tag\/Batman\/\" target=\"_blank\" rel=\"noreferrer noopener nofollow\">Batman<\/a> na Terra-0, e Gotham agora est\u00e1 mais amea\u00e7adora do que nunca.<\/p>\n<p>Na sinopse de <strong>Batman #7<\/strong>, de <strong>Matt Fraction<\/strong> e <strong>Jorge Jimenez<\/strong>, a<strong> DC Comics <\/strong>anunciou que a <strong>Hera Venenosa<\/strong> assumir\u00e1 o cargo de prefeita de Gotham.<\/p>\n<p>Quanto ao retorno do <strong>Coringa<\/strong>, \u00e9 dito que reformular\u00e1 a rela\u00e7\u00e3o do vil\u00e3o com o Homem-Morcego. Leia a sinopse:<\/p>\n<p>&#8220;<strong>Em Gotham, Batman #7 d\u00e1 in\u00edcio ao segundo grande arco de Matt Fraction e Jorge Jim\u00e9nez, trazendo o Coringa de volta aos holofotes de uma forma perturbadora. Esta edi\u00e7\u00e3o especial apresenta um impactante p\u00f4ster interno que mergulha os leitores na psique fragmentada do Pr\u00edncipe Palha\u00e7o do Crime, reformulando sua rela\u00e7\u00e3o com o Batman para a continuidade principal da DC.<\/strong><\/p>\n<p><strong>Mas o Coringa \u00e9 apenas um dos problemas. O Departamento de Pol\u00edcia de Gotham (DPGC), cada vez mais militarizado sob o comando do Comiss\u00e1rio Vandal Savage, e a nova prefeita de Gotham, Pamela Isley, apertam o cerco sobre a cidade, intensificando uma guerra em grande escala contra a Batfam\u00edlia. Conforme a press\u00e3o aumenta, Batman se v\u00ea diante de escolhas imposs\u00edveis que culminam em um ataque policial devastador, com consequ\u00eancias permanentes para um de seus aliados mais pr\u00f3ximos.<\/strong>&#8220;<\/p>\n<p><img fetchpriority=\"high\" decoding=\"async\" width=\"675\" height=\"1024\" src=\"https:\/\/www.europesays.com\/pt\/wp-content\/uploads\/2025\/12\/20251218-image-17-675x1024.png\" alt=\"\" class=\"lazyload wp-image-876366\"  data-\/>Reprodu\u00e7\u00e3o\/DC Comics<img loading=\"lazy\" decoding=\"async\" width=\"674\" height=\"1024\" src=\"https:\/\/www.europesays.com\/pt\/wp-content\/uploads\/2025\/12\/20251218-image-18-674x1024.png\" alt=\"\" class=\"lazyload wp-image-876367\"  data-\/>Reprodu\u00e7\u00e3o\/DC Comics<\/p>\n<p><strong>Batman #7<\/strong> ser\u00e1 publicada em 4 de mar\u00e7o nos Estados Unidos. Por enquanto, n\u00e3o h\u00e1 previs\u00e3o para a chegada do material ao Brasil.<\/p>\n<p>Leia mais sobre Batman:<\/p>\n<p><strong>Fonte: <\/strong><a href=\"https:\/\/bleedingcool.com\/comics\/the-non-absolute-joker-comes-to-batman-7-in-march-2026\/\" target=\"_blank\" rel=\"noreferrer noopener nofollow\">Bleeding Cool<\/a><\/p>\n","protected":false},"excerpt":{"rendered":"Estimated reading time: 3 minutos O Coringa est\u00e1 voltando para atormentar a vida do Batman na Terra-0, e&hellip;\n","protected":false},"author":2,"featured_media":193814,"comment_status":"","ping_status":"","sticky":false,"template":"","format":"standard","meta":{"footnotes":""},"categories":[140],"tags":[1948,12962,2670,114,115,147,148,38865,38866,38867,146,32,33],"class_list":{"0":"post-193813","1":"post","2":"type-post","3":"status-publish","4":"format-standard","5":"has-post-thumbnail","7":"category-filmes","8":"tag-batman","9":"tag-coringa","10":"tag-dc-comics","11":"tag-entertainment","12":"tag-entretenimento","13":"tag-film","14":"tag-filmes","15":"tag-hera-venenosa","16":"tag-jorge-jimenez","17":"tag-matt-fraction","18":"tag-movies","19":"tag-portugal","20":"tag-pt"},"share_on_mastodon":{"url":"https:\/\/pubeurope.com\/@pt\/115742477949669928","error":""},"_links":{"self":[{"href":"https:\/\/www.europesays.com\/pt\/wp-json\/wp\/v2\/posts\/193813","targetHints":{"allow":["GET"]}}],"collection":[{"href":"https:\/\/www.europesays.com\/pt\/wp-json\/wp\/v2\/posts"}],"about":[{"href":"https:\/\/www.europesays.com\/pt\/wp-json\/wp\/v2\/types\/post"}],"author":[{"embeddable":true,"href":"https:\/\/www.europesays.com\/pt\/wp-json\/wp\/v2\/users\/2"}],"replies":[{"embeddable":true,"href":"https:\/\/www.europesays.com\/pt\/wp-json\/wp\/v2\/comments?post=193813"}],"version-history":[{"count":0,"href":"https:\/\/www.europesays.com\/pt\/wp-json\/wp\/v2\/posts\/193813\/revisions"}],"wp:featuredmedia":[{"embeddable":true,"href":"https:\/\/www.europesays.com\/pt\/wp-json\/wp\/v2\/media\/193814"}],"wp:attachment":[{"href":"https:\/\/www.europesays.com\/pt\/wp-json\/wp\/v2\/media?parent=193813"}],"wp:term":[{"taxonomy":"category","embeddable":true,"href":"https:\/\/www.europesays.com\/pt\/wp-json\/wp\/v2\/categories?post=193813"},{"taxonomy":"post_tag","embeddable":true,"href":"https:\/\/www.europesays.com\/pt\/wp-json\/wp\/v2\/tags?post=193813"}],"curies":[{"name":"wp","href":"https:\/\/api.w.org\/{rel}","templated":true}]}}